{"id":18005,"date":"2025-02-12T12:53:04","date_gmt":"2025-02-12T09:53:04","guid":{"rendered":"https:\/\/www.egemtv.com\/?p=18005"},"modified":"2025-02-12T12:53:09","modified_gmt":"2025-02-12T09:53:09","slug":"mabemde-ogrenciler-yeni-binalarina-kavustu","status":"publish","type":"post","link":"https:\/\/www.egemtv.com\/?p=18005","title":{"rendered":"MABEM\u2019de \u00f6\u011frenciler yeni binalar\u0131na kavu\u015ftu"},"content":{"rendered":"<p>Manisa B\u00fcy\u00fck\u015fehir Belediyesi, Akhisar\u2019da \u00f6\u011frencilere daha iyi e\u011fitim imkanlar\u0131 sunmak i\u00e7in Manisa B\u00fcy\u00fck\u015fehir Belediyesi E\u011fitim Merkezleri\u2019nin (MABEM) yeni binas\u0131n\u0131 a\u00e7t\u0131.<br \/>\n<br \/>MABEM Akhisar\u2019daki \u015fubesi, \u00f6\u011frencilerin en iyi e\u011fitim imkanlar\u0131na kavu\u015fmas\u0131 i\u00e7in yeni binas\u0131na ta\u015f\u0131nd\u0131. Manisa B\u00fcy\u00fck\u015fehir Belediyesi K\u00fclt\u00fcr ve Sosyal \u0130\u015fler Daire Ba\u015fkan\u0131 Meliha K\u0131l\u0131n\u00e7lar ve Halk E\u011fitim \u015eube M\u00fcd\u00fcr\u00fc Serap G\u00fcc\u00fcyen de Akhisar\u2019daki yeni binada \u00f6\u011frencilerin heyecan\u0131n\u0131 payla\u015ft\u0131.<br \/>\n<br \/>\u00d6\u011frenci, \u00f6\u011fretmen ve velilerden gelen yeni bina talebi \u00fczerine Manisa B\u00fcy\u00fck\u015fehir Belediye Ba\u015fkan\u0131 Ferdi Zeyrek\u2019in talimat\u0131yla \u00e7al\u0131\u015fmalara ba\u015flad\u0131klar\u0131n\u0131 belirten K\u00fclt\u00fcr ve Sosyal \u0130\u015fler Daire Ba\u015fkan\u0131 Meliha K\u0131l\u0131n\u00e7lar, &#8220;\u00d6\u011frencilerimiz bizim i\u00e7in \u00e7ok \u00f6nemli. Buradaki e\u011fitimle onlar\u0131n gelece\u011fine dokunuyoruz ve her birinin daha iyi bir ya\u015fam kurabilmesi i\u00e7in en uygun \u015fartlar\u0131 sa\u011flamak ad\u0131na elimizden geleni yap\u0131yoruz. Ferdi Zeyrek Ba\u015fkan\u0131m\u0131z\u0131n deste\u011fiyle bu yeni bina, sadece \u00f6\u011frencilerimizin bug\u00fcn\u00fc de\u011fil, yar\u0131n\u0131 i\u00e7in de b\u00fcy\u00fck bir yat\u0131r\u0131m anlam\u0131na geliyor. E\u011fitimin kalitesini art\u0131rarak, gen\u00e7lerimizin gelece\u011fe daha g\u00fc\u00e7l\u00fc bir \u015fekilde haz\u0131rlanmas\u0131n\u0131 sa\u011flamay\u0131 hedefliyoruz&#8221; dedi.<br \/>\n<br \/>Yeni binay\u0131 de\u011ferlendiren \u00f6\u011frencilerden Melek Yal\u00e7\u0131nkaya, &#8220;Yeni binam\u0131zda s\u0131n\u0131flar olduk\u00e7a geni\u015f. S\u0131ralarda rahat bir \u015fekilde oturabiliyoruz&#8221; derken Mehmet Ne\u015fat \u00d6zcan ise &#8220;E\u015fit a\u011f\u0131rl\u0131k s\u0131n\u0131f\u0131nday\u0131m. Yeni binam\u0131z gayet geni\u015f, gayet rahat, gayet ferah. Eme\u011fi ge\u00e7en herkese \u00e7ok te\u015fekk\u00fcr ediyorum&#8221; ifadelerini kulland\u0131.<br \/><\/p>\n","protected":false},"excerpt":{"rendered":"<p>Manisa B\u00fcy\u00fck\u015fehir Belediyesi, Akhisar\u2019da \u00f6\u011frencilere daha iyi e\u011fitim imkanlar\u0131 sunmak i\u00e7in Manisa B\u00fcy\u00fck\u015fehir Belediyesi E\u011fitim Merkezleri\u2019nin (MABEM) yeni binas\u0131n\u0131 a\u00e7t\u0131. MABEM Akhisar\u2019daki \u015fubesi, \u00f6\u011frencilerin en iyi e\u011fitim imkanlar\u0131na kavu\u015fmas\u0131 i\u00e7in yeni binas\u0131na ta\u015f\u0131nd\u0131. Manisa B\u00fcy\u00fck\u015fehir Belediyesi K\u00fclt\u00fcr ve Sosyal \u0130\u015fler Daire Ba\u015fkan\u0131 Meliha K\u0131l\u0131n\u00e7lar ve Halk E\u011fitim \u015eube M\u00fcd\u00fcr\u00fc Serap G\u00fcc\u00fcyen de Akhisar\u2019daki yeni binada&#8230;<\/p>\n","protected":false},"author":1,"featured_media":18006,"comment_status":"open","ping_status":"open","sticky":false,"template":"","format":"standard","meta":{"_crdt_document":"","footnotes":""},"categories":[1],"tags":[],"class_list":["post-18005","post","type-post","status-publish","format-standard","has-post-thumbnail","hentry","category-guncel"],"_links":{"self":[{"href":"https:\/\/www.egemtv.com\/index.php?rest_route=\/wp\/v2\/posts\/18005","targetHints":{"allow":["GET"]}}],"collection":[{"href":"https:\/\/www.egemtv.com\/index.php?rest_route=\/wp\/v2\/posts"}],"about":[{"href":"https:\/\/www.egemtv.com\/index.php?rest_route=\/wp\/v2\/types\/post"}],"author":[{"embeddable":true,"href":"https:\/\/www.egemtv.com\/index.php?rest_route=\/wp\/v2\/users\/1"}],"replies":[{"embeddable":true,"href":"https:\/\/www.egemtv.com\/index.php?rest_route=%2Fwp%2Fv2%2Fcomments&post=18005"}],"version-history":[{"count":1,"href":"https:\/\/www.egemtv.com\/index.php?rest_route=\/wp\/v2\/posts\/18005\/revisions"}],"predecessor-version":[{"id":18007,"href":"https:\/\/www.egemtv.com\/index.php?rest_route=\/wp\/v2\/posts\/18005\/revisions\/18007"}],"wp:featuredmedia":[{"embeddable":true,"href":"https:\/\/www.egemtv.com\/index.php?rest_route=\/wp\/v2\/media\/18006"}],"wp:attachment":[{"href":"https:\/\/www.egemtv.com\/index.php?rest_route=%2Fwp%2Fv2%2Fmedia&parent=18005"}],"wp:term":[{"taxonomy":"category","embeddable":true,"href":"https:\/\/www.egemtv.com\/index.php?rest_route=%2Fwp%2Fv2%2Fcategories&post=18005"},{"taxonomy":"post_tag","embeddable":true,"href":"https:\/\/www.egemtv.com\/index.php?rest_route=%2Fwp%2Fv2%2Ftags&post=18005"}],"curies":[{"name":"wp","href":"https:\/\/api.w.org\/{rel}","templated":true}]}}