{"id":18002,"date":"2025-02-12T12:52:59","date_gmt":"2025-02-12T09:52:59","guid":{"rendered":"https:\/\/www.egemtv.com\/?p=18002"},"modified":"2025-02-12T12:53:04","modified_gmt":"2025-02-12T09:53:04","slug":"esnaflarin-sorunlarini-tek-tek-dinliyorlar","status":"publish","type":"post","link":"https:\/\/www.egemtv.com\/?p=18002","title":{"rendered":"Esnaflar\u0131n sorunlar\u0131n\u0131 tek tek dinliyorlar"},"content":{"rendered":"<p>Yunusemre Belediyesi, esnaflar\u0131n sorunlar\u0131n\u0131 yerinde tespit etmek ve \u00e7\u00f6z\u00fcm \u00fcretmek amac\u0131yla anket \u00e7al\u0131\u015fmas\u0131 yap\u0131yor. Sosyal Doku Ekibi, merkez mahallelerde esnaflarla birebir g\u00f6r\u00fc\u015ferek taleplerini dinliyor. \u015eu ana kadar 14 mahallede yakla\u015f\u0131k iki bin esnafla g\u00f6r\u00fc\u015fen ekipler, talepleri ilgili birimlere aktararak \u00e7\u00f6z\u00fcm s\u00fcrecini h\u0131zland\u0131r\u0131yor.<br \/>\n<br \/>Halk\u0131n beklenti ve ihtiya\u00e7lar\u0131na duyarl\u0131 bir y\u00f6netim anlay\u0131\u015f\u0131 benimseyen Yunusemre Belediye Ba\u015fkan\u0131 Semih Balaban, kat\u0131l\u0131mc\u0131 belediyecilik ilkesiyle esnaflar\u0131n ve vatanda\u015flar\u0131n g\u00f6r\u00fc\u015flerini \u00f6nemsiyor. \u00d6zel Kalem M\u00fcd\u00fcrl\u00fc\u011f\u00fc koordinasyonunda y\u00fcr\u00fct\u00fclen \u00e7al\u0131\u015fma kapsam\u0131nda esnaflar\u0131n \u00f6nerileri titizlikle de\u011ferlendiriliyor ve belediye hizmetlerine y\u00f6n vermek i\u00e7in kullan\u0131l\u0131yor. Belediye b\u00fcnyesinde g\u00f6rev yapan Sosyal Doku Ekibi, merkez mahallelerdeki esnaflarla birebir g\u00f6r\u00fc\u015ferek anket \u00e7al\u0131\u015fmas\u0131 ger\u00e7ekle\u015ftiriyor. Bug\u00fcne kadar 14 mahallede yakla\u015f\u0131k iki bin esnafla temas kuran ekipler, esnaf\u0131n talep ve \u00f6nerilerini belediyenin ilgili birimlerine ileterek sorunlar\u0131n h\u0131zl\u0131 bir \u015fekilde \u00e7\u00f6z\u00fcme kavu\u015fturulmas\u0131n\u0131 sa\u011fl\u0131yor. Titizlikle y\u00fcr\u00fct\u00fclen anket \u00e7al\u0131\u015fmas\u0131 yaln\u0131zca merkez mahallelerle s\u0131n\u0131rl\u0131 kalmayarak, \u00f6n\u00fcm\u00fczdeki s\u00fcre\u00e7te de k\u0131rsal mahallelerde esnaf ve vatanda\u015flarla bir araya gelinerek ihtiya\u00e7lar tespit edilmeye devam edecek.<br \/><\/p>\n","protected":false},"excerpt":{"rendered":"<p>Yunusemre Belediyesi, esnaflar\u0131n sorunlar\u0131n\u0131 yerinde tespit etmek ve \u00e7\u00f6z\u00fcm \u00fcretmek amac\u0131yla anket \u00e7al\u0131\u015fmas\u0131 yap\u0131yor. Sosyal Doku Ekibi, merkez mahallelerde esnaflarla birebir g\u00f6r\u00fc\u015ferek taleplerini dinliyor. \u015eu ana kadar 14 mahallede yakla\u015f\u0131k iki bin esnafla g\u00f6r\u00fc\u015fen ekipler, talepleri ilgili birimlere aktararak \u00e7\u00f6z\u00fcm s\u00fcrecini h\u0131zland\u0131r\u0131yor. Halk\u0131n beklenti ve ihtiya\u00e7lar\u0131na duyarl\u0131 bir y\u00f6netim anlay\u0131\u015f\u0131 benimseyen Yunusemre Belediye Ba\u015fkan\u0131 Semih&#8230;<\/p>\n","protected":false},"author":1,"featured_media":18003,"comment_status":"open","ping_status":"open","sticky":false,"template":"","format":"standard","meta":{"_crdt_document":"","footnotes":""},"categories":[125],"tags":[],"class_list":["post-18002","post","type-post","status-publish","format-standard","has-post-thumbnail","hentry","category-ekonomi"],"_links":{"self":[{"href":"https:\/\/www.egemtv.com\/index.php?rest_route=\/wp\/v2\/posts\/18002","targetHints":{"allow":["GET"]}}],"collection":[{"href":"https:\/\/www.egemtv.com\/index.php?rest_route=\/wp\/v2\/posts"}],"about":[{"href":"https:\/\/www.egemtv.com\/index.php?rest_route=\/wp\/v2\/types\/post"}],"author":[{"embeddable":true,"href":"https:\/\/www.egemtv.com\/index.php?rest_route=\/wp\/v2\/users\/1"}],"replies":[{"embeddable":true,"href":"https:\/\/www.egemtv.com\/index.php?rest_route=%2Fwp%2Fv2%2Fcomments&post=18002"}],"version-history":[{"count":1,"href":"https:\/\/www.egemtv.com\/index.php?rest_route=\/wp\/v2\/posts\/18002\/revisions"}],"predecessor-version":[{"id":18004,"href":"https:\/\/www.egemtv.com\/index.php?rest_route=\/wp\/v2\/posts\/18002\/revisions\/18004"}],"wp:featuredmedia":[{"embeddable":true,"href":"https:\/\/www.egemtv.com\/index.php?rest_route=\/wp\/v2\/media\/18003"}],"wp:attachment":[{"href":"https:\/\/www.egemtv.com\/index.php?rest_route=%2Fwp%2Fv2%2Fmedia&parent=18002"}],"wp:term":[{"taxonomy":"category","embeddable":true,"href":"https:\/\/www.egemtv.com\/index.php?rest_route=%2Fwp%2Fv2%2Fcategories&post=18002"},{"taxonomy":"post_tag","embeddable":true,"href":"https:\/\/www.egemtv.com\/index.php?rest_route=%2Fwp%2Fv2%2Ftags&post=18002"}],"curies":[{"name":"wp","href":"https:\/\/api.w.org\/{rel}","templated":true}]}}