{"id":17999,"date":"2025-02-12T12:45:16","date_gmt":"2025-02-12T09:45:16","guid":{"rendered":"https:\/\/www.egemtv.com\/?p=17999"},"modified":"2025-02-12T12:45:21","modified_gmt":"2025-02-12T09:45:21","slug":"somaya-hava-kirliligi-olcum-istasyonu-kuruldu","status":"publish","type":"post","link":"https:\/\/www.egemtv.com\/?p=17999","title":{"rendered":"Soma\u2019ya hava kirlili\u011fi \u00f6l\u00e7\u00fcm istasyonu kuruldu"},"content":{"rendered":"<p>Hava kirlili\u011fine dair sa\u011fl\u0131k endi\u015feleri \u00fczerine harekete ge\u00e7en Manisa B\u00fcy\u00fck\u015fehir Belediyesi, Soma\u2019da hava kalitesinin \u00f6l\u00e7\u00fclmesine y\u00f6nelik istasyon kurdu. Soma Belediyesi ve Dokuz Eyl\u00fcl \u00dcniversitesi i\u015f birli\u011fiyle il\u00e7ede iki ay s\u00fcreyle anl\u0131k olarak k\u00fck\u00fcrt dioksit ve havada as\u0131l\u0131 partik\u00fcl madde (PM) \u00f6l\u00e7\u00fcmleri yap\u0131lacak.<br \/>\n<br \/>\u00d6l\u00e7\u00fcmlerden \u00e7\u0131kacak sonu\u00e7lar, Ege Temiz Hava Merkezi taraf\u0131ndan yap\u0131lan \u00f6l\u00e7\u00fcmlerle birlikte Dokuz Eyl\u00fcl \u00dcniversitesi \u00c7evre M\u00fchendisli\u011fi Hava Kirlili\u011fi Laboratuvar\u0131\u2019nda incelenerek sonraki \u00e7al\u0131\u015fmalar i\u00e7in dayanak olu\u015fturacak.<br \/>\n<br \/>Manisa B\u00fcy\u00fck\u015fehir Belediyesi \u0130klim De\u011fi\u015fikli\u011fi ve S\u0131f\u0131r At\u0131k Dairesi Ba\u015fkan\u0131 \u00c7a\u011flar Hocalar ile Dokuz Eyl\u00fcl \u00dcniversitesi M\u00fchendislik Fak\u00fcltesi Dekan\u0131 Prof. Dr. Aziye Ayol aras\u0131nda hizmet protokol\u00fc imzalanarak il\u00e7ede hava kirlili\u011fi \u00f6l\u00e7\u00fcm\u00fc i\u00e7in \u00e7al\u0131\u015fmalara ba\u015fland\u0131. \u0130lk olarak, Dokuz Eyl\u00fcl \u00dcniversitesi \u00c7evre M\u00fchendisli\u011fi B\u00f6l\u00fcm\u00fc \u00d6\u011fretim \u00dcyesi Prof. Dr. Abdurrahman Bayram koordinat\u00f6rl\u00fc\u011f\u00fcnde, be\u015f \u00f6\u011fretim \u00fcyesinden olu\u015fan ekip, Soma Millet Bah\u00e7esi\u2019nde Manisa B\u00fcy\u00fck\u015fehir Belediye \u0130klim De\u011fi\u015fikli\u011fi ve Temiz Enerji Y\u00f6netimi \u015eube M\u00fcd\u00fcrl\u00fc\u011f\u00fc ile Soma Belediyesi \u0130klim De\u011fi\u015fikli\u011fi M\u00fcd\u00fcrl\u00fc\u011f\u00fc\u2019yle birlikte \u00f6l\u00e7\u00fcm istasyonu kurulumunu ger\u00e7ekle\u015ftirdi. Gerekli yer ve enerji temini de Soma Belediyesi taraf\u0131ndan sa\u011fland\u0131. \u0130stasyon, anl\u0131k \u00f6l\u00e7\u00fcmlere ba\u015flad\u0131.<\/p>\n<p>En \u00e7ok bebekler ve \u00e7ocuklar etkileniyor<br \/>\n<br \/>Hava kirlili\u011fi, D\u00fcnya Sa\u011fl\u0131k \u00d6rg\u00fct\u00fc taraf\u0131ndan insan sa\u011fl\u0131\u011f\u0131 i\u00e7in en b\u00fcy\u00fck \u00e7evresel tehditlerden biri olarak kabul ediliyor. Her y\u0131l milyonlarca insan\u0131n hayat\u0131n\u0131 kaybetmesine ve sa\u011fl\u0131kl\u0131 ya\u015fam s\u00fcresinin k\u0131salmas\u0131na neden olan bu sorun, Soma\u2019da da ciddi bir halk sa\u011fl\u0131\u011f\u0131 tehdidi olu\u015fturuyor. Soma Termik Santrali\u2019nin bulundu\u011fu il\u00e7ede hava kirlili\u011fi seviyesi s\u0131k s\u0131k yasal s\u0131n\u0131rlar\u0131 a\u015f\u0131yor. Temiz Hava Hakk\u0131 Platformu\u2019nun raporlar\u0131na g\u00f6re; Soma, T\u00fcrkiye\u2019de hava kirlili\u011finin en y\u00fcksek oldu\u011fu b\u00f6lgelerden biri olarak \u00f6ne \u00e7\u0131k\u0131yor.<br \/>\n<br \/>Bu durum, \u00f6zellikle bebekler ve \u00e7ocuklar ba\u015fta olmak \u00fczere, solunum yolu hastal\u0131klar\u0131na yatk\u0131n bireyler i\u00e7in b\u00fcy\u00fck bir risk olu\u015fturuyor. Vatanda\u015flar da hava kirlili\u011fi konusunda uzun s\u00fcredir \u015fikayetlerini dile getirirken kurulan istasyonun sa\u011fl\u0131kl\u0131 ve temiz bir \u00e7evre i\u00e7in \u00f6nemli bir ad\u0131m olmas\u0131 bekleniyor.<br \/><\/p>\n","protected":false},"excerpt":{"rendered":"<p>Hava kirlili\u011fine dair sa\u011fl\u0131k endi\u015feleri \u00fczerine harekete ge\u00e7en Manisa B\u00fcy\u00fck\u015fehir Belediyesi, Soma\u2019da hava kalitesinin \u00f6l\u00e7\u00fclmesine y\u00f6nelik istasyon kurdu. Soma Belediyesi ve Dokuz Eyl\u00fcl \u00dcniversitesi i\u015f birli\u011fiyle il\u00e7ede iki ay s\u00fcreyle anl\u0131k olarak k\u00fck\u00fcrt dioksit ve havada as\u0131l\u0131 partik\u00fcl madde (PM) \u00f6l\u00e7\u00fcmleri yap\u0131lacak. \u00d6l\u00e7\u00fcmlerden \u00e7\u0131kacak sonu\u00e7lar, Ege Temiz Hava Merkezi taraf\u0131ndan yap\u0131lan \u00f6l\u00e7\u00fcmlerle birlikte Dokuz Eyl\u00fcl&#8230;<\/p>\n","protected":false},"author":1,"featured_media":18000,"comment_status":"open","ping_status":"open","sticky":false,"template":"","format":"standard","meta":{"_crdt_document":"","footnotes":""},"categories":[1],"tags":[],"class_list":["post-17999","post","type-post","status-publish","format-standard","has-post-thumbnail","hentry","category-guncel"],"_links":{"self":[{"href":"https:\/\/www.egemtv.com\/index.php?rest_route=\/wp\/v2\/posts\/17999","targetHints":{"allow":["GET"]}}],"collection":[{"href":"https:\/\/www.egemtv.com\/index.php?rest_route=\/wp\/v2\/posts"}],"about":[{"href":"https:\/\/www.egemtv.com\/index.php?rest_route=\/wp\/v2\/types\/post"}],"author":[{"embeddable":true,"href":"https:\/\/www.egemtv.com\/index.php?rest_route=\/wp\/v2\/users\/1"}],"replies":[{"embeddable":true,"href":"https:\/\/www.egemtv.com\/index.php?rest_route=%2Fwp%2Fv2%2Fcomments&post=17999"}],"version-history":[{"count":1,"href":"https:\/\/www.egemtv.com\/index.php?rest_route=\/wp\/v2\/posts\/17999\/revisions"}],"predecessor-version":[{"id":18001,"href":"https:\/\/www.egemtv.com\/index.php?rest_route=\/wp\/v2\/posts\/17999\/revisions\/18001"}],"wp:featuredmedia":[{"embeddable":true,"href":"https:\/\/www.egemtv.com\/index.php?rest_route=\/wp\/v2\/media\/18000"}],"wp:attachment":[{"href":"https:\/\/www.egemtv.com\/index.php?rest_route=%2Fwp%2Fv2%2Fmedia&parent=17999"}],"wp:term":[{"taxonomy":"category","embeddable":true,"href":"https:\/\/www.egemtv.com\/index.php?rest_route=%2Fwp%2Fv2%2Fcategories&post=17999"},{"taxonomy":"post_tag","embeddable":true,"href":"https:\/\/www.egemtv.com\/index.php?rest_route=%2Fwp%2Fv2%2Ftags&post=17999"}],"curies":[{"name":"wp","href":"https:\/\/api.w.org\/{rel}","templated":true}]}}