{"id":17996,"date":"2025-02-12T12:40:59","date_gmt":"2025-02-12T09:40:59","guid":{"rendered":"https:\/\/www.egemtv.com\/?p=17996"},"modified":"2025-02-12T12:41:05","modified_gmt":"2025-02-12T09:41:05","slug":"edebiyat-tutkunu-manisali-genc-kitap-cikardi","status":"publish","type":"post","link":"https:\/\/www.egemtv.com\/?p=17996","title":{"rendered":"Edebiyat tutkunu Manisal\u0131 gen\u00e7 kitap \u00e7\u0131kard\u0131"},"content":{"rendered":"<p>Manisa\u2019n\u0131n Salihli il\u00e7esinde edebiyat tutkunu gen\u00e7 Arma\u011fan Ayy\u00fcr\u00fc, &#8220;Hissetti\u011fin Senin I\u015f\u0131\u011f\u0131nd\u0131r&#8221; ismini verdi\u011fi ilk kitab\u0131n\u0131 \u00e7\u0131kard\u0131.<br \/>\n<br \/>Manisa\u2019n\u0131n Salihli il\u00e7esinde ya\u015fayan edebiyat tutkunu Arma\u011fan Ayy\u00fcr\u00fc, bu tutkusunu kitap yazarak ta\u00e7land\u0131rmaya karar verdi. Gen\u00e7 yazar Ayy\u00fcr\u00fc, &#8220;Hissetti\u011fin Senin I\u015f\u0131\u011f\u0131nd\u0131r&#8221; adl\u0131 kitab\u0131nda insanlar\u0131n duygu ve d\u00fc\u015f\u00fcnlerini anlatt\u0131\u011f\u0131n\u0131 vurgulad\u0131. \u0130kinci kitap i\u00e7in \u00e7al\u0131\u015fmalara ba\u015flad\u0131\u011f\u0131n\u0131 dile getiren gen\u00e7 yazar Ayy\u00fcr\u00fc, &#8220;Hissetti\u011fin Senin I\u015f\u0131\u011f\u0131nd\u0131r&#8221; isimli kitab\u0131 ula\u015fmak isteyenlerin, internet \u00fczerinden sipari\u015f verebileceklerini s\u00f6zlerine ekledi.<br \/><\/p>\n","protected":false},"excerpt":{"rendered":"<p>Manisa\u2019n\u0131n Salihli il\u00e7esinde edebiyat tutkunu gen\u00e7 Arma\u011fan Ayy\u00fcr\u00fc, &#8220;Hissetti\u011fin Senin I\u015f\u0131\u011f\u0131nd\u0131r&#8221; ismini verdi\u011fi ilk kitab\u0131n\u0131 \u00e7\u0131kard\u0131. Manisa\u2019n\u0131n Salihli il\u00e7esinde ya\u015fayan edebiyat tutkunu Arma\u011fan Ayy\u00fcr\u00fc, bu tutkusunu kitap yazarak ta\u00e7land\u0131rmaya karar verdi. Gen\u00e7 yazar Ayy\u00fcr\u00fc, &#8220;Hissetti\u011fin Senin I\u015f\u0131\u011f\u0131nd\u0131r&#8221; adl\u0131 kitab\u0131nda insanlar\u0131n duygu ve d\u00fc\u015f\u00fcnlerini anlatt\u0131\u011f\u0131n\u0131 vurgulad\u0131. \u0130kinci kitap i\u00e7in \u00e7al\u0131\u015fmalara ba\u015flad\u0131\u011f\u0131n\u0131 dile getiren gen\u00e7 yazar Ayy\u00fcr\u00fc,&#8230;<\/p>\n","protected":false},"author":1,"featured_media":17997,"comment_status":"open","ping_status":"open","sticky":false,"template":"","format":"standard","meta":{"_crdt_document":"","footnotes":""},"categories":[1],"tags":[],"class_list":["post-17996","post","type-post","status-publish","format-standard","has-post-thumbnail","hentry","category-guncel"],"_links":{"self":[{"href":"https:\/\/www.egemtv.com\/index.php?rest_route=\/wp\/v2\/posts\/17996","targetHints":{"allow":["GET"]}}],"collection":[{"href":"https:\/\/www.egemtv.com\/index.php?rest_route=\/wp\/v2\/posts"}],"about":[{"href":"https:\/\/www.egemtv.com\/index.php?rest_route=\/wp\/v2\/types\/post"}],"author":[{"embeddable":true,"href":"https:\/\/www.egemtv.com\/index.php?rest_route=\/wp\/v2\/users\/1"}],"replies":[{"embeddable":true,"href":"https:\/\/www.egemtv.com\/index.php?rest_route=%2Fwp%2Fv2%2Fcomments&post=17996"}],"version-history":[{"count":1,"href":"https:\/\/www.egemtv.com\/index.php?rest_route=\/wp\/v2\/posts\/17996\/revisions"}],"predecessor-version":[{"id":17998,"href":"https:\/\/www.egemtv.com\/index.php?rest_route=\/wp\/v2\/posts\/17996\/revisions\/17998"}],"wp:featuredmedia":[{"embeddable":true,"href":"https:\/\/www.egemtv.com\/index.php?rest_route=\/wp\/v2\/media\/17997"}],"wp:attachment":[{"href":"https:\/\/www.egemtv.com\/index.php?rest_route=%2Fwp%2Fv2%2Fmedia&parent=17996"}],"wp:term":[{"taxonomy":"category","embeddable":true,"href":"https:\/\/www.egemtv.com\/index.php?rest_route=%2Fwp%2Fv2%2Fcategories&post=17996"},{"taxonomy":"post_tag","embeddable":true,"href":"https:\/\/www.egemtv.com\/index.php?rest_route=%2Fwp%2Fv2%2Ftags&post=17996"}],"curies":[{"name":"wp","href":"https:\/\/api.w.org\/{rel}","templated":true}]}}