{"id":17990,"date":"2025-02-12T12:36:09","date_gmt":"2025-02-12T09:36:09","guid":{"rendered":"https:\/\/www.egemtv.com\/?p=17990"},"modified":"2025-02-12T12:36:15","modified_gmt":"2025-02-12T09:36:15","slug":"prof-dr-ercan-ege-denizindeki-depremler-yanardag-kaynakli","status":"publish","type":"post","link":"https:\/\/www.egemtv.com\/?p=17990","title":{"rendered":"Prof. Dr. Ercan: &#8220;Ege Denizi\u2019ndeki depremler yanarda\u011f kaynakl\u0131&#8221;"},"content":{"rendered":"<p>Jeofizik Y\u00fcksek M\u00fchendisi Prof. Dr. \u00d6vg\u00fcn Ahmet Ercan, Santorini Adas\u0131\u2019n\u0131n bulundu\u011fu b\u00f6lgede ya\u015fanan depremlerin yanarda\u011f ile ili\u015fkili oldu\u011funu belirterek, &#8220;Yaz\u0131labilecek en olumsuz senaryo k\u00fcl, ta\u015f ve topaklar\u0131n f\u0131rlad\u0131\u011f\u0131 bir patlaman\u0131n ger\u00e7ekle\u015fmesi olabilir. Patlama, 5 ile 7 aras\u0131nda deprem \u00fcretebilir. Depremle birlikte s\u00fcp\u00fcrt\u00fc (tsunami) dalgalar\u0131 da olu\u015fabilir. Bu dalgalar, b\u00fct\u00fcn Ege\u2019deki adalar\u0131, Girit\u2019i, Yunanistan ve T\u00fcrkiye k\u0131y\u0131lar\u0131n\u0131 da etkileyebilir&#8221; dedi.<br \/>\n<br \/>Ege Denizi\u2019nin Santorini Adas\u0131 a\u00e7\u0131klar\u0131nda 28 Ocak\u2019ta ba\u015flayan sismik hareketlilik sonucunda meydana gelen deprem say\u0131s\u0131 bin 200\u2019\u00fc ge\u00e7ti. B\u00f6lgede son olarak pazartesi g\u00fcn\u00fc ak\u015fam saatlerinde ya\u015fanan 5.3 b\u00fcy\u00fckl\u00fc\u011f\u00fcndeki deprem, Ku\u015fadas\u0131\u2019nda da hissedildi. Derinli\u011fi 17 kilometre olan sars\u0131nt\u0131n\u0131n \u015fu ana kadar kaydedilen en \u015fiddetli deprem oldu\u011fu a\u00e7\u0131kland\u0131.<br \/>\n<br \/>Jeofizik Y\u00fcksek M\u00fchendisi Prof. Dr. \u00d6vg\u00fcn Ahmet Ercan, Ege Denizi\u2019ndeki deprem f\u0131rt\u0131nas\u0131na y\u00f6nelik bir a\u00e7\u0131klama yapt\u0131. Prof. Dr. Ercan, deprem f\u0131rt\u0131nas\u0131n\u0131n k\u00f6keninin denizin i\u00e7indeki yanarda\u011f hareketlili\u011fine ba\u011fl\u0131 oldu\u011funu \u00f6ne s\u00fcrd\u00fc. Ege Denizi\u2019ndeki Amargos \u00e7ukuru denen b\u00f6lgenin, Afrika ve Anadolu k\u0131talar\u0131 taraf\u0131ndan da \u00e7ift tarafl\u0131 s\u0131k\u0131\u015ft\u0131r\u0131ld\u0131\u011f\u0131na dikkat \u00e7eken Ercan, &#8220;Bu durumda Amargos \u00e7ukuru ya k\u0131r\u0131larak ya da yanarda\u011flar\u0131n patlamas\u0131 sonucu deprem \u00fcretebilir. \u015eu an b\u00f6lgede yakla\u015f\u0131k 45 kilometre derinden gelen, 2 bin 200 santigrat derece s\u0131cakl\u0131\u011f\u0131ndaki erimi\u015f y\u00fcksek k\u0131vaml\u0131 magma, y\u00fcksek bas\u0131n\u00e7la magma odalar\u0131n\u0131 dolduruyor. Odalara, yakla\u015f\u0131k 250 kilobarl\u0131k bas\u0131n\u00e7 uyguluyor. Bu bask\u0131, b\u00f6lgenin patlamas\u0131 i\u00e7in bas\u0131nc\u0131n\u0131 art\u0131r\u0131yor. Bas\u0131nc\u0131n artmas\u0131 sonucunda da depremler olu\u015fuyor. Bana g\u00f6re \u015fimdi olan da bu&#8221; dedi.<\/p>\n<p>&#8220;S\u00fcp\u00fcrt\u00fc dalgalar\u0131 T\u00fcrkiye\u2019yi etkiler&#8221;<br \/>\n<br \/>Yanarda\u011f patlamas\u0131n\u0131n olmas\u0131 halinde en olumsuz senaryo olarak ta\u015f, toprak ve k\u00fcllerin g\u00f6ky\u00fcz\u00fcne f\u0131rlayaca\u011f\u0131n\u0131 ifade eden Prof. Dr. \u00d6vg\u00fcn Ahmet Ercan, &#8220;Patlama, 5 ile 7 aras\u0131nda deprem \u00fcretebilir. Depremle birlikte s\u00fcp\u00fcrt\u00fc (tsunami) dalgalar\u0131 da olu\u015fabilir. Bu dalgalar, b\u00fct\u00fcn Ege\u2019deki adalar\u0131, Girit\u2019i, Yunanistan ve T\u00fcrkiye k\u0131y\u0131lar\u0131n\u0131 da etkileyebilir. Ge\u00e7mi\u015fte de bunlar ya\u015fanm\u0131\u015f ancak \u015fu an korkulacak bir durum s\u00f6z konusu de\u011fil. \u00c7\u00fcnk\u00fc s\u00fcp\u00fcrt\u00fc dalgalar\u0131 T\u00fcrkiye k\u0131y\u0131lar\u0131na ula\u015fana kadar etkisini yitirir&#8221; diye konu\u015ftu.<\/p>\n<p>&#8220;Yunanistan T\u00fcrkiye\u2019den yard\u0131m talep etsin&#8221;<br \/>\n<br \/>Ku\u015fadas\u0131\u2019ndan Yunanistanl\u0131 y\u00f6neticilere ve meslekta\u015flar\u0131na da seslenen Jeofizik Y\u00fcksek M\u00fchendisi Prof. Dr. Ahmet Ercan, &#8220;Barbaros Hayreddin Pa\u015fa ve Oru\u00e7 Reis isimli iki tane sismik ara\u015ft\u0131rma gemimiz var. Yunanistan h\u00fck\u00fcmetine derhal T\u00fcrkiye\u2019ye ba\u015fvurup, daha \u00e7ok ara\u015ft\u0131rma yapmak i\u00e7in bizden yard\u0131m istemelerini \u00f6neriyorum. \u00c7\u00fcnk\u00fc ya\u015fananlara do\u011fru yorum yapabilmemiz i\u00e7in Yunanistan\u2019dan bilgi ak\u0131\u015f\u0131 son derece s\u0131n\u0131rl\u0131 bir \u015fekilde geliyor. T\u00fcrkiye, \u015fu an gerekli olan her t\u00fcrl\u00fc \u00f6nlemi al\u0131yor. Herkesin i\u00e7i rahat olsun&#8221; ifadelerini kulland\u0131.<br \/><\/p>\n","protected":false},"excerpt":{"rendered":"<p>Jeofizik Y\u00fcksek M\u00fchendisi Prof. Dr. \u00d6vg\u00fcn Ahmet Ercan, Santorini Adas\u0131\u2019n\u0131n bulundu\u011fu b\u00f6lgede ya\u015fanan depremlerin yanarda\u011f ile ili\u015fkili oldu\u011funu belirterek, &#8220;Yaz\u0131labilecek en olumsuz senaryo k\u00fcl, ta\u015f ve topaklar\u0131n f\u0131rlad\u0131\u011f\u0131 bir patlaman\u0131n ger\u00e7ekle\u015fmesi olabilir. Patlama, 5 ile 7 aras\u0131nda deprem \u00fcretebilir. Depremle birlikte s\u00fcp\u00fcrt\u00fc (tsunami) dalgalar\u0131 da olu\u015fabilir. Bu dalgalar, b\u00fct\u00fcn Ege\u2019deki adalar\u0131, Girit\u2019i, Yunanistan ve T\u00fcrkiye&#8230;<\/p>\n","protected":false},"author":1,"featured_media":17991,"comment_status":"open","ping_status":"open","sticky":false,"template":"","format":"standard","meta":{"_crdt_document":"","footnotes":""},"categories":[1],"tags":[],"class_list":["post-17990","post","type-post","status-publish","format-standard","has-post-thumbnail","hentry","category-guncel"],"_links":{"self":[{"href":"https:\/\/www.egemtv.com\/index.php?rest_route=\/wp\/v2\/posts\/17990","targetHints":{"allow":["GET"]}}],"collection":[{"href":"https:\/\/www.egemtv.com\/index.php?rest_route=\/wp\/v2\/posts"}],"about":[{"href":"https:\/\/www.egemtv.com\/index.php?rest_route=\/wp\/v2\/types\/post"}],"author":[{"embeddable":true,"href":"https:\/\/www.egemtv.com\/index.php?rest_route=\/wp\/v2\/users\/1"}],"replies":[{"embeddable":true,"href":"https:\/\/www.egemtv.com\/index.php?rest_route=%2Fwp%2Fv2%2Fcomments&post=17990"}],"version-history":[{"count":1,"href":"https:\/\/www.egemtv.com\/index.php?rest_route=\/wp\/v2\/posts\/17990\/revisions"}],"predecessor-version":[{"id":17992,"href":"https:\/\/www.egemtv.com\/index.php?rest_route=\/wp\/v2\/posts\/17990\/revisions\/17992"}],"wp:featuredmedia":[{"embeddable":true,"href":"https:\/\/www.egemtv.com\/index.php?rest_route=\/wp\/v2\/media\/17991"}],"wp:attachment":[{"href":"https:\/\/www.egemtv.com\/index.php?rest_route=%2Fwp%2Fv2%2Fmedia&parent=17990"}],"wp:term":[{"taxonomy":"category","embeddable":true,"href":"https:\/\/www.egemtv.com\/index.php?rest_route=%2Fwp%2Fv2%2Fcategories&post=17990"},{"taxonomy":"post_tag","embeddable":true,"href":"https:\/\/www.egemtv.com\/index.php?rest_route=%2Fwp%2Fv2%2Ftags&post=17990"}],"curies":[{"name":"wp","href":"https:\/\/api.w.org\/{rel}","templated":true}]}}