{"id":17987,"date":"2025-02-12T12:36:04","date_gmt":"2025-02-12T09:36:04","guid":{"rendered":"https:\/\/www.egemtv.com\/?p=17987"},"modified":"2025-02-12T12:36:09","modified_gmt":"2025-02-12T09:36:09","slug":"kooperatif-baskanina-tarihi-eser-gozaltisi-iddiasi","status":"publish","type":"post","link":"https:\/\/www.egemtv.com\/?p=17987","title":{"rendered":"Kooperatif ba\u015fkan\u0131na \u2019tarihi eser\u2019 g\u00f6zalt\u0131s\u0131 iddias\u0131"},"content":{"rendered":"<p>Ayd\u0131n\u2019\u0131n Karacasu il\u00e7esinde jandarma ekiplerince ger\u00e7ekle\u015ftirilen bask\u0131nda, 277 adet Roma d\u00f6nemine ait tarihi eser ele ge\u00e7irilmesi olay\u0131 ile ilgili Nazilli Belediyespor\u2019un eski ba\u015fkan\u0131 ve hukuk kurulu ba\u015fkan\u0131, ayn\u0131 zamanda \u00d6r-Koop Y\u00f6netim Kurulu Ba\u015fkan\u0131 ve Genel M\u00fcd\u00fcr\u00fc \u00dcnal \u00d6nal\u2019\u0131n \u0130stanbul\u2019da g\u00f6zalt\u0131na al\u0131nd\u0131\u011f\u0131 ileri s\u00fcr\u00fcld\u00fc. \u0130ddialar\u0131n ger\u00e7e\u011fi yans\u0131tmad\u0131\u011f\u0131n\u0131 belirten \u00dcnal \u00d6nal, 24 Aral\u0131k 2024 tarihi koleksiyoner belgesi oldu\u011funu ve su\u00e7 i\u015flemedi\u011fini belirtti.<\/p>\n<p>Karacasu \u0130l\u00e7e Jandarma Komutanl\u0131\u011f\u0131 koordinesinde tarihi eser ka\u00e7ak\u00e7\u0131l\u0131\u011f\u0131na y\u00f6nelik yap\u0131lan \u00e7al\u0131\u015fmalar kapsam\u0131nda ge\u00e7ti\u011fimiz hafta i\u00e7erisinde Ye\u015filyurt Maahallesi\u2019ndeki bir adrese bask\u0131n yap\u0131lm\u0131\u015ft\u0131. Olayla ilgili 1 ki\u015fi g\u00f6zalt\u0131na al\u0131n\u0131rken, yap\u0131lan aramalarda 223 adet tarihi obje, 54 adet tarihi zeytinya\u011f\u0131 pres ta\u015f\u0131, s\u00fctun ba\u015f\u0131, s\u00fctun kaidesi, s\u00fctun, havuz, kitabeler mimari par\u00e7a, lahit par\u00e7as\u0131, kabartma heykel gibi eserler ele ge\u00e7irilmi\u015fti. Koruma alt\u0131na al\u0131nan eserlerin yap\u0131lan incelemede Roma d\u00f6nemine ait oldu\u011fu belirlenirken, gerekli i\u015flemlerinin ard\u0131ndan eserler M\u00fcze M\u00fcd\u00fcrl\u00fc\u011f\u00fc\u2019ne teslim edilmi\u015fti.<br \/>\n<br \/>Konu ile ilgili g\u00f6zalt\u0131na al\u0131nd\u0131\u011f\u0131 ileri s\u00fcr\u00fclen Nazilli Belediyespor\u2019un eski ba\u015fkan\u0131 ve hukuk kurulu ba\u015fkan\u0131, ayn\u0131 zamanda \u00d6r-Koop Y\u00f6netim Kurulu Ba\u015fkan\u0131 ve Genel M\u00fcd\u00fcr\u00fc olan \u00dcnal \u00d6nal, hakk\u0131nda \u00e7\u0131kan \u2019G\u00f6zalt\u0131na al\u0131nd\u0131\u011f\u0131\u2019 y\u00f6n\u00fcndeki haberlerin ger\u00e7e\u011fi yans\u0131tmad\u0131\u011f\u0131n\u0131 ileri s\u00fcrerek, konuyla ilgili haberleri yapanlar\u0131n savc\u0131l\u0131ktan belge almas\u0131n\u0131 istedi. \u00d6nal, \u0130stanbul\u2019da iki g\u00fcn boyunca g\u00f6zalt\u0131nda tutuldu\u011fu ve daha sonra b\u0131rak\u0131ld\u0131\u011f\u0131, olayla ilginin soru\u015fturman\u0131n s\u00fcrd\u00fc\u011f\u00fc y\u00f6n\u00fcndeki haberlerin ard\u0131ndan yapt\u0131\u011f\u0131 a\u00e7\u0131klamada, &#8220;\u0130stanbul\u2019a k\u0131zlar\u0131m\u0131n yan\u0131na gitmi\u015ftim. Sonra da geri d\u00f6nd\u00fcm. Bundan yakla\u015f\u0131k 10 g\u00fcn \u00f6nce Karacasu\u2019daki evimde arama yap\u0131ld\u0131. Ben buradaki evimde tutup sergiledi\u011fim tarihi eserlere ili\u015fkin koleksiyoner belgem var&#8221; diye konu\u015ftu.<br \/>\n<br \/>Belge 12 Aral\u0131k 2024\u2019te al\u0131nm\u0131\u015f<br \/>\n<br \/>Konuyla ilgili Ayd\u0131n Valili\u011fi \u0130l K\u00fclt\u00fcr ve Turizm M\u00fcd\u00fcr\u00fcl\u00fc\u011f\u00fc Afrodisyas M\u00fcze M\u00fcd\u00fcr\u00fcl\u00fc\u011f\u00fc\u2019nden &#8220;Korunmas\u0131 Gerekli Ta\u015f\u0131n\u0131r K\u00fclt\u00fcr ve Tabiat Varl\u0131klar\u0131 Koleksiyonu Yapanlara Ait Belge&#8221; sini payla\u015fan \u00dcnal \u00d6nal\u2019\u0131n y\u0131llard\u0131r toplad\u0131\u011f\u0131 tarihi eserlere ili\u015fkin yakla\u015f\u0131k 1.5 ay \u00f6nce al\u0131nm\u0131\u015f bir belge payla\u015fmas\u0131 ise dikkat \u00e7ekt. Jandarma taraf\u0131ndan konuyla ilgili tahkikat\u0131n s\u00fcrd\u00fcr\u00fcl\u00fc\u011f\u00fc \u00f6\u011frenilirken hakk\u0131nda tarihi eser ka\u00e7ak\u00e7\u0131l\u0131\u011f\u0131 ile ilgili haber ve iddialarla ilgili \u00dcnal \u00d6nal\u2019\u0131n \u00f6n\u00fcm\u00fczdeki g\u00fcnlerde detayl\u0131 bas\u0131n a\u00e7\u0131klamas\u0131 yapaca\u011f\u0131 \u00f6\u011frenildi.<br \/><\/p>\n","protected":false},"excerpt":{"rendered":"<p>Ayd\u0131n\u2019\u0131n Karacasu il\u00e7esinde jandarma ekiplerince ger\u00e7ekle\u015ftirilen bask\u0131nda, 277 adet Roma d\u00f6nemine ait tarihi eser ele ge\u00e7irilmesi olay\u0131 ile ilgili Nazilli Belediyespor\u2019un eski ba\u015fkan\u0131 ve hukuk kurulu ba\u015fkan\u0131, ayn\u0131 zamanda \u00d6r-Koop Y\u00f6netim Kurulu Ba\u015fkan\u0131 ve Genel M\u00fcd\u00fcr\u00fc \u00dcnal \u00d6nal\u2019\u0131n \u0130stanbul\u2019da g\u00f6zalt\u0131na al\u0131nd\u0131\u011f\u0131 ileri s\u00fcr\u00fcld\u00fc. \u0130ddialar\u0131n ger\u00e7e\u011fi yans\u0131tmad\u0131\u011f\u0131n\u0131 belirten \u00dcnal \u00d6nal, 24 Aral\u0131k 2024 tarihi koleksiyoner belgesi&#8230;<\/p>\n","protected":false},"author":1,"featured_media":17988,"comment_status":"open","ping_status":"open","sticky":false,"template":"","format":"standard","meta":{"_crdt_document":"","footnotes":""},"categories":[5],"tags":[],"class_list":["post-17987","post","type-post","status-publish","format-standard","has-post-thumbnail","hentry","category-asayis"],"_links":{"self":[{"href":"https:\/\/www.egemtv.com\/index.php?rest_route=\/wp\/v2\/posts\/17987","targetHints":{"allow":["GET"]}}],"collection":[{"href":"https:\/\/www.egemtv.com\/index.php?rest_route=\/wp\/v2\/posts"}],"about":[{"href":"https:\/\/www.egemtv.com\/index.php?rest_route=\/wp\/v2\/types\/post"}],"author":[{"embeddable":true,"href":"https:\/\/www.egemtv.com\/index.php?rest_route=\/wp\/v2\/users\/1"}],"replies":[{"embeddable":true,"href":"https:\/\/www.egemtv.com\/index.php?rest_route=%2Fwp%2Fv2%2Fcomments&post=17987"}],"version-history":[{"count":1,"href":"https:\/\/www.egemtv.com\/index.php?rest_route=\/wp\/v2\/posts\/17987\/revisions"}],"predecessor-version":[{"id":17989,"href":"https:\/\/www.egemtv.com\/index.php?rest_route=\/wp\/v2\/posts\/17987\/revisions\/17989"}],"wp:featuredmedia":[{"embeddable":true,"href":"https:\/\/www.egemtv.com\/index.php?rest_route=\/wp\/v2\/media\/17988"}],"wp:attachment":[{"href":"https:\/\/www.egemtv.com\/index.php?rest_route=%2Fwp%2Fv2%2Fmedia&parent=17987"}],"wp:term":[{"taxonomy":"category","embeddable":true,"href":"https:\/\/www.egemtv.com\/index.php?rest_route=%2Fwp%2Fv2%2Fcategories&post=17987"},{"taxonomy":"post_tag","embeddable":true,"href":"https:\/\/www.egemtv.com\/index.php?rest_route=%2Fwp%2Fv2%2Ftags&post=17987"}],"curies":[{"name":"wp","href":"https:\/\/api.w.org\/{rel}","templated":true}]}}