{"id":17980,"date":"2025-02-12T12:32:07","date_gmt":"2025-02-12T09:32:07","guid":{"rendered":"https:\/\/www.egemtv.com\/?p=17980"},"modified":"2025-02-12T12:32:12","modified_gmt":"2025-02-12T09:32:12","slug":"kutahyada-halil-akkas-spor-kompleksi-acildi-2","status":"publish","type":"post","link":"https:\/\/www.egemtv.com\/?p=17980","title":{"rendered":"K\u00fctahya\u2019da Halil Akka\u015f Spor Kompleksi a\u00e7\u0131ld\u0131"},"content":{"rendered":"<p>K\u00fctahya\u2019da &#8220;Spor Her Yerde&#8221; projesi kapsam\u0131nda Halil Akka\u015f Spor Kompleksi\u2019nin a\u00e7\u0131l\u0131\u015f\u0131 ger\u00e7ekle\u015ftirildi.<br \/>\n<br \/>A\u00e7\u0131l\u0131\u015fta konu\u015fan Vali Musa I\u015f\u0131n, \u00e7ocuklara hitaben, &#8220;Biz buray\u0131 sizin i\u00e7in yapt\u0131k, siz iyi ki vars\u0131n\u0131z, sizler bizim gelece\u011fimizsiniz. Bu spor kompleksinde \u00e7ok e\u011flenecek, \u00e7ok keyifli vakitler ge\u00e7ireceksiniz. Bizler sizi \u00e7ok seviyoruz, size ba\u015far\u0131lar diliyoruz. Hepinizi yanaklar\u0131n\u0131zdan \u00f6p\u00fcyorum&#8221; dedi.<br \/>\n<br \/>Vali I\u015f\u0131n, &#8220;Spor Her Yerde Projesi kapsam\u0131nda hizmete a\u00e7\u0131lan bu spor kompleksinin yap\u0131lmas\u0131nda eme\u011fi ge\u00e7en Gen\u00e7lik ve Spor \u0130l M\u00fcd\u00fcr\u00fcm\u00fcze te\u015fekk\u00fcr ediyorum,&#8221; ifadelerini kulland\u0131.<br \/>\n<br \/>AK Parti K\u00fctahya Milletvekili \u0130smail \u00c7a\u011flar Bay\u0131rc\u0131 ise, &#8220;Bug\u00fcn sizler i\u00e7in buraday\u0131z. G\u00fcn\u00fcm\u00fcze renk katt\u0131n\u0131z, g\u00fcn\u00fcm\u00fcze keyif katt\u0131n\u0131z. Bu hizmetler sizler i\u00e7in. Bu hizmetin hayata ge\u00e7irilmesinde eme\u011fi ge\u00e7en ba\u015fta Say\u0131n Valimize ve Gen\u00e7lik ve Spor \u0130l M\u00fcd\u00fcr\u00fcm\u00fcze \u015f\u00fckranlar\u0131m\u0131 sunuyorum&#8221; \u015feklinde konu\u015ftu.<br \/>\n<br \/>Gen\u00e7lik ve Spor \u0130l M\u00fcd\u00fcr\u00fc B\u00fclent K\u00fc\u00e7\u00fck de, &#8220;Bu proje, sporun hayat\u0131m\u0131z\u0131n her alan\u0131na dahil olmas\u0131n\u0131 sa\u011flamak ve toplumun her kesimine ula\u015fmak amac\u0131yla hayata ge\u00e7irilmi\u015ftir. Bu proje kapsam\u0131nda desteklerini her daim hissetti\u011fimiz Say\u0131n Valimize te\u015fekk\u00fcrlerimi sunuyorum&#8221; diye konu\u015ftu.<br \/>\n<br \/>Program\u0131n devam\u0131nda, Vali I\u015f\u0131n ve protokol \u00fcyeleri, minik \u00f6\u011frencilerle bir araya gelerek onlarla birlikte \u00e7e\u015fitli spor aktivitelerine kat\u0131larak keyifli vakit ge\u00e7irdi.<br \/><\/p>\n","protected":false},"excerpt":{"rendered":"<p>K\u00fctahya\u2019da &#8220;Spor Her Yerde&#8221; projesi kapsam\u0131nda Halil Akka\u015f Spor Kompleksi\u2019nin a\u00e7\u0131l\u0131\u015f\u0131 ger\u00e7ekle\u015ftirildi. A\u00e7\u0131l\u0131\u015fta konu\u015fan Vali Musa I\u015f\u0131n, \u00e7ocuklara hitaben, &#8220;Biz buray\u0131 sizin i\u00e7in yapt\u0131k, siz iyi ki vars\u0131n\u0131z, sizler bizim gelece\u011fimizsiniz. Bu spor kompleksinde \u00e7ok e\u011flenecek, \u00e7ok keyifli vakitler ge\u00e7ireceksiniz. Bizler sizi \u00e7ok seviyoruz, size ba\u015far\u0131lar diliyoruz. Hepinizi yanaklar\u0131n\u0131zdan \u00f6p\u00fcyorum&#8221; dedi. Vali I\u015f\u0131n, &#8220;Spor Her&#8230;<\/p>\n","protected":false},"author":1,"featured_media":17981,"comment_status":"open","ping_status":"open","sticky":false,"template":"","format":"standard","meta":{"_crdt_document":"","footnotes":""},"categories":[4],"tags":[],"class_list":["post-17980","post","type-post","status-publish","format-standard","has-post-thumbnail","hentry","category-spor"],"_links":{"self":[{"href":"https:\/\/www.egemtv.com\/index.php?rest_route=\/wp\/v2\/posts\/17980","targetHints":{"allow":["GET"]}}],"collection":[{"href":"https:\/\/www.egemtv.com\/index.php?rest_route=\/wp\/v2\/posts"}],"about":[{"href":"https:\/\/www.egemtv.com\/index.php?rest_route=\/wp\/v2\/types\/post"}],"author":[{"embeddable":true,"href":"https:\/\/www.egemtv.com\/index.php?rest_route=\/wp\/v2\/users\/1"}],"replies":[{"embeddable":true,"href":"https:\/\/www.egemtv.com\/index.php?rest_route=%2Fwp%2Fv2%2Fcomments&post=17980"}],"version-history":[{"count":1,"href":"https:\/\/www.egemtv.com\/index.php?rest_route=\/wp\/v2\/posts\/17980\/revisions"}],"predecessor-version":[{"id":17983,"href":"https:\/\/www.egemtv.com\/index.php?rest_route=\/wp\/v2\/posts\/17980\/revisions\/17983"}],"wp:featuredmedia":[{"embeddable":true,"href":"https:\/\/www.egemtv.com\/index.php?rest_route=\/wp\/v2\/media\/17981"}],"wp:attachment":[{"href":"https:\/\/www.egemtv.com\/index.php?rest_route=%2Fwp%2Fv2%2Fmedia&parent=17980"}],"wp:term":[{"taxonomy":"category","embeddable":true,"href":"https:\/\/www.egemtv.com\/index.php?rest_route=%2Fwp%2Fv2%2Fcategories&post=17980"},{"taxonomy":"post_tag","embeddable":true,"href":"https:\/\/www.egemtv.com\/index.php?rest_route=%2Fwp%2Fv2%2Ftags&post=17980"}],"curies":[{"name":"wp","href":"https:\/\/api.w.org\/{rel}","templated":true}]}}