{"id":17971,"date":"2025-02-12T12:32:00","date_gmt":"2025-02-12T09:32:00","guid":{"rendered":"https:\/\/www.egemtv.com\/?p=17971"},"modified":"2025-02-12T12:32:05","modified_gmt":"2025-02-12T09:32:05","slug":"kutahyada-merkez-tasra-bulusmalari-kapsaminda-atolye-calismalari-duzenlendi","status":"publish","type":"post","link":"https:\/\/www.egemtv.com\/?p=17971","title":{"rendered":"K\u00fctahya\u2019da &#8220;Merkez-Ta\u015fra Bulu\u015fmalar\u0131&#8221; kapsam\u0131nda at\u00f6lye \u00e7al\u0131\u015fmalar\u0131 d\u00fczenlendi"},"content":{"rendered":"<p>Diyanet \u0130\u015fleri Ba\u015fkanl\u0131\u011f\u0131 taraf\u0131ndan y\u00fcr\u00fct\u00fclen &#8220;Merkez-Ta\u015fra Bulu\u015fmalar\u0131 Projesi&#8221; kapsam\u0131nda K\u00fctahya\u2019da \u00e7e\u015fitli toplant\u0131lar ve at\u00f6lye \u00e7al\u0131\u015fmalar\u0131 ger\u00e7ekle\u015ftirildi.<br \/>\n<br \/>Programa Strateji Geli\u015ftirme Ba\u015fkan\u0131 Mustafa Irmakl\u0131, Plan ve Programlar Dairesi Ba\u015fkan\u0131 Semahat \u00d6zge\u00e7 ve T\u00fcrk \u0130slam Sanatlar\u0131 Daire Ba\u015fkan\u0131 Meryem Dal\u011f\u0131\u00e7 kat\u0131ld\u0131. Ziyaret kapsam\u0131nda il\u00e7e m\u00fcft\u00fcleri toplant\u0131s\u0131, personel toplant\u0131s\u0131 ve farkl\u0131 alanlarda \u00e7al\u0131\u015fan personelle at\u00f6lye \u00e7al\u0131\u015fmalar\u0131 yap\u0131ld\u0131. Toplant\u0131larda, sahada kar\u015f\u0131la\u015f\u0131lan sorunlar ve \u00e7\u00f6z\u00fcm \u00f6nerileri \u00fczerine isti\u015farelerde bulunuldu.<br \/>\n<br \/>Ger\u00e7ekle\u015ftirilen bu bulu\u015fmalar, yerel d\u00fczeyde hizmetlerin daha verimli y\u00fcr\u00fct\u00fclmesine katk\u0131 sa\u011flamay\u0131 ama\u00e7l\u0131yor.<br \/><\/p>\n","protected":false},"excerpt":{"rendered":"<p>Diyanet \u0130\u015fleri Ba\u015fkanl\u0131\u011f\u0131 taraf\u0131ndan y\u00fcr\u00fct\u00fclen &#8220;Merkez-Ta\u015fra Bulu\u015fmalar\u0131 Projesi&#8221; kapsam\u0131nda K\u00fctahya\u2019da \u00e7e\u015fitli toplant\u0131lar ve at\u00f6lye \u00e7al\u0131\u015fmalar\u0131 ger\u00e7ekle\u015ftirildi. Programa Strateji Geli\u015ftirme Ba\u015fkan\u0131 Mustafa Irmakl\u0131, Plan ve Programlar Dairesi Ba\u015fkan\u0131 Semahat \u00d6zge\u00e7 ve T\u00fcrk \u0130slam Sanatlar\u0131 Daire Ba\u015fkan\u0131 Meryem Dal\u011f\u0131\u00e7 kat\u0131ld\u0131. Ziyaret kapsam\u0131nda il\u00e7e m\u00fcft\u00fcleri toplant\u0131s\u0131, personel toplant\u0131s\u0131 ve farkl\u0131 alanlarda \u00e7al\u0131\u015fan personelle at\u00f6lye \u00e7al\u0131\u015fmalar\u0131 yap\u0131ld\u0131. Toplant\u0131larda, sahada&#8230;<\/p>\n","protected":false},"author":1,"featured_media":17972,"comment_status":"open","ping_status":"open","sticky":false,"template":"","format":"standard","meta":{"_crdt_document":"","footnotes":""},"categories":[123],"tags":[],"class_list":["post-17971","post","type-post","status-publish","format-standard","has-post-thumbnail","hentry","category-gundem"],"_links":{"self":[{"href":"https:\/\/www.egemtv.com\/index.php?rest_route=\/wp\/v2\/posts\/17971","targetHints":{"allow":["GET"]}}],"collection":[{"href":"https:\/\/www.egemtv.com\/index.php?rest_route=\/wp\/v2\/posts"}],"about":[{"href":"https:\/\/www.egemtv.com\/index.php?rest_route=\/wp\/v2\/types\/post"}],"author":[{"embeddable":true,"href":"https:\/\/www.egemtv.com\/index.php?rest_route=\/wp\/v2\/users\/1"}],"replies":[{"embeddable":true,"href":"https:\/\/www.egemtv.com\/index.php?rest_route=%2Fwp%2Fv2%2Fcomments&post=17971"}],"version-history":[{"count":1,"href":"https:\/\/www.egemtv.com\/index.php?rest_route=\/wp\/v2\/posts\/17971\/revisions"}],"predecessor-version":[{"id":17976,"href":"https:\/\/www.egemtv.com\/index.php?rest_route=\/wp\/v2\/posts\/17971\/revisions\/17976"}],"wp:featuredmedia":[{"embeddable":true,"href":"https:\/\/www.egemtv.com\/index.php?rest_route=\/wp\/v2\/media\/17972"}],"wp:attachment":[{"href":"https:\/\/www.egemtv.com\/index.php?rest_route=%2Fwp%2Fv2%2Fmedia&parent=17971"}],"wp:term":[{"taxonomy":"category","embeddable":true,"href":"https:\/\/www.egemtv.com\/index.php?rest_route=%2Fwp%2Fv2%2Fcategories&post=17971"},{"taxonomy":"post_tag","embeddable":true,"href":"https:\/\/www.egemtv.com\/index.php?rest_route=%2Fwp%2Fv2%2Ftags&post=17971"}],"curies":[{"name":"wp","href":"https:\/\/api.w.org\/{rel}","templated":true}]}}