{"id":17965,"date":"2025-02-12T12:31:57","date_gmt":"2025-02-12T09:31:57","guid":{"rendered":"https:\/\/www.egemtv.com\/?p=17965"},"modified":"2025-02-12T12:32:00","modified_gmt":"2025-02-12T09:32:00","slug":"kutahyali-guresci-said-ada-turkiye-sampiyonu-oldu","status":"publish","type":"post","link":"https:\/\/www.egemtv.com\/?p=17965","title":{"rendered":"K\u00fctahyal\u0131 g\u00fcre\u015f\u00e7i Said Ada T\u00fcrkiye \u015eampiyonu oldu"},"content":{"rendered":"<p>K\u0131r\u015fehir\u2019de d\u00fczenlenen Okul Sporlar\u0131 Gen\u00e7ler-A Grekoromen G\u00fcre\u015f T\u00fcrkiye \u015eampiyonas\u0131\u2019nda K\u00fctahya Belediyespor\u2019un gen\u00e7 sporcusu Said Ada, b\u00fcy\u00fck bir ba\u015far\u0131ya imza att\u0131. 60 kilogram kategorisinde m\u00fccadele eden Said Ada, rakiplerini geride b\u0131rakarak T\u00fcrkiye \u015fampiyonu oldu.<br \/>\n<br \/>Bu ba\u015far\u0131s\u0131yla ikinci kez T\u00fcrkiye derecesi elde eden gen\u00e7 g\u00fcre\u015f\u00e7i, hem K\u00fctahya\u2019n\u0131n hem de kul\u00fcb\u00fcn\u00fcn ad\u0131n\u0131 gururla duyurdu. \u015eampiyonaya b\u00fcy\u00fck bir azim ve disiplinle haz\u0131rlanan Said Ada, g\u00f6sterdi\u011fi \u00fcst\u00fcn performansla T\u00fcrk g\u00fcre\u015fine katk\u0131 sa\u011flamaya devam ediyor.<br \/>\n<br \/>K\u00fctahya Belediyesi yetkilileri, gen\u00e7 sporcuyu tebrik ederek ba\u015far\u0131lar\u0131n\u0131n devam\u0131n\u0131 diledi.<br \/><\/p>\n","protected":false},"excerpt":{"rendered":"<p>K\u0131r\u015fehir\u2019de d\u00fczenlenen Okul Sporlar\u0131 Gen\u00e7ler-A Grekoromen G\u00fcre\u015f T\u00fcrkiye \u015eampiyonas\u0131\u2019nda K\u00fctahya Belediyespor\u2019un gen\u00e7 sporcusu Said Ada, b\u00fcy\u00fck bir ba\u015far\u0131ya imza att\u0131. 60 kilogram kategorisinde m\u00fccadele eden Said Ada, rakiplerini geride b\u0131rakarak T\u00fcrkiye \u015fampiyonu oldu. Bu ba\u015far\u0131s\u0131yla ikinci kez T\u00fcrkiye derecesi elde eden gen\u00e7 g\u00fcre\u015f\u00e7i, hem K\u00fctahya\u2019n\u0131n hem de kul\u00fcb\u00fcn\u00fcn ad\u0131n\u0131 gururla duyurdu. \u015eampiyonaya b\u00fcy\u00fck bir azim&#8230;<\/p>\n","protected":false},"author":1,"featured_media":17966,"comment_status":"open","ping_status":"open","sticky":false,"template":"","format":"standard","meta":{"_crdt_document":"","footnotes":""},"categories":[4],"tags":[],"class_list":["post-17965","post","type-post","status-publish","format-standard","has-post-thumbnail","hentry","category-spor"],"_links":{"self":[{"href":"https:\/\/www.egemtv.com\/index.php?rest_route=\/wp\/v2\/posts\/17965","targetHints":{"allow":["GET"]}}],"collection":[{"href":"https:\/\/www.egemtv.com\/index.php?rest_route=\/wp\/v2\/posts"}],"about":[{"href":"https:\/\/www.egemtv.com\/index.php?rest_route=\/wp\/v2\/types\/post"}],"author":[{"embeddable":true,"href":"https:\/\/www.egemtv.com\/index.php?rest_route=\/wp\/v2\/users\/1"}],"replies":[{"embeddable":true,"href":"https:\/\/www.egemtv.com\/index.php?rest_route=%2Fwp%2Fv2%2Fcomments&post=17965"}],"version-history":[{"count":1,"href":"https:\/\/www.egemtv.com\/index.php?rest_route=\/wp\/v2\/posts\/17965\/revisions"}],"predecessor-version":[{"id":17970,"href":"https:\/\/www.egemtv.com\/index.php?rest_route=\/wp\/v2\/posts\/17965\/revisions\/17970"}],"wp:featuredmedia":[{"embeddable":true,"href":"https:\/\/www.egemtv.com\/index.php?rest_route=\/wp\/v2\/media\/17966"}],"wp:attachment":[{"href":"https:\/\/www.egemtv.com\/index.php?rest_route=%2Fwp%2Fv2%2Fmedia&parent=17965"}],"wp:term":[{"taxonomy":"category","embeddable":true,"href":"https:\/\/www.egemtv.com\/index.php?rest_route=%2Fwp%2Fv2%2Fcategories&post=17965"},{"taxonomy":"post_tag","embeddable":true,"href":"https:\/\/www.egemtv.com\/index.php?rest_route=%2Fwp%2Fv2%2Ftags&post=17965"}],"curies":[{"name":"wp","href":"https:\/\/api.w.org\/{rel}","templated":true}]}}