{"id":17903,"date":"2025-02-12T11:27:01","date_gmt":"2025-02-12T08:27:01","guid":{"rendered":"https:\/\/www.egemtv.com\/?p=17903"},"modified":"2025-02-12T11:27:06","modified_gmt":"2025-02-12T08:27:06","slug":"mugla-genclik-ve-spor-il-mudurlugunden-yangin-ve-acil-durum-seferberligi","status":"publish","type":"post","link":"https:\/\/www.egemtv.com\/?p=17903","title":{"rendered":"Mu\u011fla Gen\u00e7lik ve Spor \u0130l M\u00fcd\u00fcrl\u00fc\u011f\u00fc\u2019nden yang\u0131n ve acil durum seferberli\u011fi"},"content":{"rendered":"<p>Mu\u011fla Gen\u00e7lik ve Spor \u0130l M\u00fcd\u00fcrl\u00fc\u011f\u00fc, Yang\u0131n ve Acil Durum E\u011fitimleri kapsam\u0131nda t\u00fcm personel i\u00e7in seferberlik ba\u015flatt\u0131.<\/p>\n<p>Mente\u015fe Turgutreis Yurdu\u2019nda ger\u00e7ekle\u015fen ve iki g\u00fcn s\u00fcrecek olan e\u011fitimin ilk g\u00fcn\u00fcne 400 personel kat\u0131l\u0131m sa\u011flad\u0131. E\u011fitim kapsam\u0131nda yang\u0131n s\u00f6nd\u00fcrme tatbikat\u0131 uygulamal\u0131 olarak ger\u00e7ekle\u015ftirildi. Personelin acil durum m\u00fcdahale becerilerini geli\u015ftirmek ve kriz anlar\u0131nda etkili hareket etmelerini sa\u011flamak amac\u0131yla d\u00fczenlenen e\u011fitim program\u0131, teorik ve pratik \u00e7al\u0131\u015fmalarla devam ediyor.<br \/><\/p>\n","protected":false},"excerpt":{"rendered":"<p>Mu\u011fla Gen\u00e7lik ve Spor \u0130l M\u00fcd\u00fcrl\u00fc\u011f\u00fc, Yang\u0131n ve Acil Durum E\u011fitimleri kapsam\u0131nda t\u00fcm personel i\u00e7in seferberlik ba\u015flatt\u0131. Mente\u015fe Turgutreis Yurdu\u2019nda ger\u00e7ekle\u015fen ve iki g\u00fcn s\u00fcrecek olan e\u011fitimin ilk g\u00fcn\u00fcne 400 personel kat\u0131l\u0131m sa\u011flad\u0131. E\u011fitim kapsam\u0131nda yang\u0131n s\u00f6nd\u00fcrme tatbikat\u0131 uygulamal\u0131 olarak ger\u00e7ekle\u015ftirildi. Personelin acil durum m\u00fcdahale becerilerini geli\u015ftirmek ve kriz anlar\u0131nda etkili hareket etmelerini sa\u011flamak amac\u0131yla&#8230;<\/p>\n","protected":false},"author":1,"featured_media":17904,"comment_status":"open","ping_status":"open","sticky":false,"template":"","format":"standard","meta":{"_crdt_document":"","footnotes":""},"categories":[1],"tags":[],"class_list":["post-17903","post","type-post","status-publish","format-standard","has-post-thumbnail","hentry","category-guncel"],"_links":{"self":[{"href":"https:\/\/www.egemtv.com\/index.php?rest_route=\/wp\/v2\/posts\/17903","targetHints":{"allow":["GET"]}}],"collection":[{"href":"https:\/\/www.egemtv.com\/index.php?rest_route=\/wp\/v2\/posts"}],"about":[{"href":"https:\/\/www.egemtv.com\/index.php?rest_route=\/wp\/v2\/types\/post"}],"author":[{"embeddable":true,"href":"https:\/\/www.egemtv.com\/index.php?rest_route=\/wp\/v2\/users\/1"}],"replies":[{"embeddable":true,"href":"https:\/\/www.egemtv.com\/index.php?rest_route=%2Fwp%2Fv2%2Fcomments&post=17903"}],"version-history":[{"count":1,"href":"https:\/\/www.egemtv.com\/index.php?rest_route=\/wp\/v2\/posts\/17903\/revisions"}],"predecessor-version":[{"id":17905,"href":"https:\/\/www.egemtv.com\/index.php?rest_route=\/wp\/v2\/posts\/17903\/revisions\/17905"}],"wp:featuredmedia":[{"embeddable":true,"href":"https:\/\/www.egemtv.com\/index.php?rest_route=\/wp\/v2\/media\/17904"}],"wp:attachment":[{"href":"https:\/\/www.egemtv.com\/index.php?rest_route=%2Fwp%2Fv2%2Fmedia&parent=17903"}],"wp:term":[{"taxonomy":"category","embeddable":true,"href":"https:\/\/www.egemtv.com\/index.php?rest_route=%2Fwp%2Fv2%2Fcategories&post=17903"},{"taxonomy":"post_tag","embeddable":true,"href":"https:\/\/www.egemtv.com\/index.php?rest_route=%2Fwp%2Fv2%2Ftags&post=17903"}],"curies":[{"name":"wp","href":"https:\/\/api.w.org\/{rel}","templated":true}]}}