{"id":17900,"date":"2025-02-12T11:17:43","date_gmt":"2025-02-12T08:17:43","guid":{"rendered":"https:\/\/www.egemtv.com\/?p=17900"},"modified":"2025-02-12T11:17:47","modified_gmt":"2025-02-12T08:17:47","slug":"denizli-buyuksehir-emitte-damgasini-vurdu","status":"publish","type":"post","link":"https:\/\/www.egemtv.com\/?p=17900","title":{"rendered":"Denizli B\u00fcy\u00fck\u015fehir EM\u0130TT\u2019e damgas\u0131n\u0131 vurdu"},"content":{"rendered":"<p>Denizli B\u00fcy\u00fck\u015fehir Belediyesi, d\u00fcnyan\u0131n d\u00f6rt bir yan\u0131ndan gelen turizmcileri a\u011f\u0131rlayan 28. Uluslararas\u0131 Do\u011fu Akdeniz Turizm ve Seyahat Fuar\u0131\u2019nda (EM\u0130TT) binlerce ziyaret\u00e7iyi a\u011f\u0131rlad\u0131. Turizmcilerin ve konuklar\u0131n yo\u011fun ilgi g\u00f6sterdi\u011fi Denizli stand\u0131nda, kentin t\u00fcm g\u00fczellikleri d\u00fcnyaya tan\u0131t\u0131ld\u0131.<br \/>\n<br \/>Bu y\u0131l \u0130stanbul T\u00dcYAP Fuar merkezinde 28. kez d\u00fczenlenen &#8220;Uluslararas\u0131 Do\u011fu Akdeniz Turizm Fuar\u0131&#8221; EM\u0130TT, yine turizm sekt\u00f6r\u00fcn\u00fcn profesyonellerini, turizm i\u015fletmecilerini, seyahat acentalar\u0131n\u0131, konaklama ve otel i\u015fletmecilerini, yabanc\u0131 \u00fclkeleri, havayolu ve denizyolu \u015firketlerini, yerli ve yabanc\u0131 turistik il ve il\u00e7eler ile turizm beldelerini bir araya getirdi. On binlerce ziyaret\u00e7inin stantlar\u0131 ziyaret etti\u011fi turizmin payda\u015flar\u0131n\u0131n birbiriyle bulu\u015fup ba\u011flant\u0131lar yapt\u0131\u011f\u0131 bu fuarda Denizli B\u00fcy\u00fck\u015fehir Belediyesi de yerini ald\u0131.<\/p>\n<p>Denizli\u2019nin g\u00fczellikleri tan\u0131t\u0131ld\u0131<br \/>\n<br \/>Denizli B\u00fcy\u00fck\u015fehir Belediyesi bu fuarda \u2018Antik kentler\u2019 konsepti ile \u00f6ne \u00e7\u0131karken sloganlar\u0131n\u0131 da &#8220;Turizm \u015eehri Denizli&#8221; ve &#8220;Lykos\u2019u Ke\u015ffet&#8221; olarak belirledi. \u00d6zellikle Lykos vadisi antik kentlerinin en bilinenleri olan Laodikya, Hierapolis ve Tripolis vurgusu \u00f6ne \u00e7\u0131kar\u0131ld\u0131. Bunun yan\u0131nda Denizli de geleneksel el sanatlar\u0131n\u0131n g\u00f6zdeleri olan Buldan ve K\u0131z\u0131lcab\u00f6l\u00fck ev tekstili \u00fcr\u00fcnleri, Yata\u011fan Palas\u0131 ve b\u0131\u00e7aklar\u0131 ile \u00c7al, Bekilli ve G\u00fcney ba\u011fc\u0131l\u0131\u011f\u0131n\u0131n \u00fcr\u00fcnleri ziyaret\u00e7ilere tan\u0131t\u0131ld\u0131. Denizli B\u00fcy\u00fck\u015fehir Belediyesi stand\u0131 ziyaret\u00e7ileri yo\u011fun olarak Pamukkale ve antik kentleri, Denizli y\u00f6resi el dokumalar\u0131, kayak merkezi ve k\u00fclt\u00fcrel de\u011ferlere ili\u015fkin sorular sorarak meraklar\u0131n\u0131 giderdi. Ziyaret\u00e7ilere y\u00f6resel \u00fcr\u00fcnler olan \u00c7alkaras\u0131 ve Buldan Sultani \u00fcz\u00fcm kurusu, Zafer gazozu ile Serinhisar leblebisi ikram edildi.<\/p>\n<p>&#8220;Turizm \u015eehri Denizli&#8221;<br \/>\n<br \/>\u00c7ok yo\u011fun ilgi g\u00f6ren Denizli B\u00fcy\u00fck\u015fehir Belediyesi stand\u0131nda ayr\u0131ca;  Pamukkale de bulunan 12 otelin temsilcileri, TURSAB\u2019a ba\u011fl\u0131 Denizli seyahat acenteleri, Buldan, \u00c7al ve Serinhisar Belediyeleri kendilerine tahsis edilen b\u00f6l\u00fcmlerde ziyaret\u00e7ilere bilgiler aktard\u0131lar. Denizli B\u00fcy\u00fck\u015fehir Belediye Ba\u015fkan\u0131 B\u00fclent Nuri \u00c7avu\u015fo\u011flu da fuar a\u00e7\u0131l\u0131\u015f\u0131na kat\u0131l\u0131rken Denizli B\u00fcy\u00fck\u015fehir Belediyesi stand\u0131nda fuar kat\u0131l\u0131mc\u0131s\u0131 B\u00fcy\u00fck\u015fehir Belediye Ba\u015fkanlar\u0131n\u0131 a\u011f\u0131rlad\u0131, fuar stantlar\u0131n\u0131 gezip incelemelerde bulundu.<\/p>\n<p>&#8220;Turizm markas\u0131 Denizli i\u00e7in&#8221;<br \/>\n<br \/>&#8220;Turizm \u015eehri Denizli&#8221; mottosu ile kentin her y\u00f6n\u00fcyle yerli ve yabanc\u0131 ziyaret\u00e7ilere tan\u0131t\u0131lmas\u0131 sa\u011fland\u0131. Denizli B\u00fcy\u00fck\u015fehir Belediye Ba\u015fkan\u0131 B\u00fclent Nuri \u00c7avu\u015fo\u011flu, EM\u0130TT Fuar\u0131\u2019nda Denizli stand\u0131na g\u00f6sterilen yo\u011fun ilgiden b\u00fcy\u00fck memnuniyet duyduklar\u0131n\u0131 belirterek \u015funlar\u0131 s\u00f6yledi: &#8220;Denizli, sahip oldu\u011fu do\u011fal g\u00fczellikleri, tarihi ve k\u00fclt\u00fcrel miras\u0131 ile turizm alan\u0131nda b\u00fcy\u00fck bir potansiyele sahip. Pamukkale\u2019den antik kentlerimize, el sanatlar\u0131m\u0131zdan y\u00f6resel lezzetlerimize kadar her y\u00f6n\u00fcyle zengin bir turizm destinasyonuyuz. Bu y\u0131l EM\u0130TT Fuar\u0131\u2019nda \u2018Turizm \u015eehri Denizli\u2019 ve \u2018Lykos\u2019u Ke\u015ffet\u2019 mottolar\u0131yla kentimizi tan\u0131tt\u0131k. \u00d6zellikle Laodikya, Hierapolis ve Tripolis gibi tarihi de\u011ferlerimizin yan\u0131 s\u0131ra, geleneksel el sanatlar\u0131m\u0131z ve y\u00f6resel \u00fcr\u00fcnlerimizle ziyaret\u00e7ilerin b\u00fcy\u00fck ilgisini \u00e7ektik. Denizli\u2019yi turizmde hak etti\u011fi noktaya ta\u015f\u0131mak i\u00e7in \u00e7al\u0131\u015fmalar\u0131m\u0131za h\u0131z kesmeden devam edece\u011fiz. Bu t\u00fcr uluslararas\u0131 organizasyonlar, Denizli\u2019nin tan\u0131t\u0131m\u0131 a\u00e7\u0131s\u0131ndan b\u00fcy\u00fck \u00f6nem ta\u015f\u0131yor. Fuar boyunca \u015fehrimizin turizm payda\u015flar\u0131yla birlikte hareket ederek hem \u00fclkemizden hem de yurt d\u0131\u015f\u0131ndan gelen misafirlerimize Denizli\u2019nin e\u015fsiz g\u00fczelliklerini anlatt\u0131k. Kentimizin turizm potansiyelini en iyi \u015fekilde de\u011ferlendirmek i\u00e7in t\u00fcm kurumlar\u0131m\u0131z ve turizm sekt\u00f6r\u00fc temsilcilerimizle i\u015f birli\u011fi i\u00e7inde \u00e7al\u0131\u015fmaya devam edece\u011fiz. Denizli\u2019yi sadece T\u00fcrkiye\u2019de de\u011fil, d\u00fcnyada bilinen ve tercih edilen bir turizm markas\u0131 haline getirmek i\u00e7in var g\u00fcc\u00fcm\u00fczle \u00e7al\u0131\u015faca\u011f\u0131z.&#8221;<br \/><\/p>\n","protected":false},"excerpt":{"rendered":"<p>Denizli B\u00fcy\u00fck\u015fehir Belediyesi, d\u00fcnyan\u0131n d\u00f6rt bir yan\u0131ndan gelen turizmcileri a\u011f\u0131rlayan 28. Uluslararas\u0131 Do\u011fu Akdeniz Turizm ve Seyahat Fuar\u0131\u2019nda (EM\u0130TT) binlerce ziyaret\u00e7iyi a\u011f\u0131rlad\u0131. Turizmcilerin ve konuklar\u0131n yo\u011fun ilgi g\u00f6sterdi\u011fi Denizli stand\u0131nda, kentin t\u00fcm g\u00fczellikleri d\u00fcnyaya tan\u0131t\u0131ld\u0131. Bu y\u0131l \u0130stanbul T\u00dcYAP Fuar merkezinde 28. kez d\u00fczenlenen &#8220;Uluslararas\u0131 Do\u011fu Akdeniz Turizm Fuar\u0131&#8221; EM\u0130TT, yine turizm sekt\u00f6r\u00fcn\u00fcn profesyonellerini, turizm&#8230;<\/p>\n","protected":false},"author":1,"featured_media":17901,"comment_status":"open","ping_status":"open","sticky":false,"template":"","format":"standard","meta":{"_crdt_document":"","footnotes":""},"categories":[1],"tags":[],"class_list":["post-17900","post","type-post","status-publish","format-standard","has-post-thumbnail","hentry","category-guncel"],"_links":{"self":[{"href":"https:\/\/www.egemtv.com\/index.php?rest_route=\/wp\/v2\/posts\/17900","targetHints":{"allow":["GET"]}}],"collection":[{"href":"https:\/\/www.egemtv.com\/index.php?rest_route=\/wp\/v2\/posts"}],"about":[{"href":"https:\/\/www.egemtv.com\/index.php?rest_route=\/wp\/v2\/types\/post"}],"author":[{"embeddable":true,"href":"https:\/\/www.egemtv.com\/index.php?rest_route=\/wp\/v2\/users\/1"}],"replies":[{"embeddable":true,"href":"https:\/\/www.egemtv.com\/index.php?rest_route=%2Fwp%2Fv2%2Fcomments&post=17900"}],"version-history":[{"count":1,"href":"https:\/\/www.egemtv.com\/index.php?rest_route=\/wp\/v2\/posts\/17900\/revisions"}],"predecessor-version":[{"id":17902,"href":"https:\/\/www.egemtv.com\/index.php?rest_route=\/wp\/v2\/posts\/17900\/revisions\/17902"}],"wp:featuredmedia":[{"embeddable":true,"href":"https:\/\/www.egemtv.com\/index.php?rest_route=\/wp\/v2\/media\/17901"}],"wp:attachment":[{"href":"https:\/\/www.egemtv.com\/index.php?rest_route=%2Fwp%2Fv2%2Fmedia&parent=17900"}],"wp:term":[{"taxonomy":"category","embeddable":true,"href":"https:\/\/www.egemtv.com\/index.php?rest_route=%2Fwp%2Fv2%2Fcategories&post=17900"},{"taxonomy":"post_tag","embeddable":true,"href":"https:\/\/www.egemtv.com\/index.php?rest_route=%2Fwp%2Fv2%2Ftags&post=17900"}],"curies":[{"name":"wp","href":"https:\/\/api.w.org\/{rel}","templated":true}]}}