{"id":17897,"date":"2025-02-12T11:12:32","date_gmt":"2025-02-12T08:12:32","guid":{"rendered":"https:\/\/www.egemtv.com\/?p=17897"},"modified":"2025-02-12T11:12:37","modified_gmt":"2025-02-12T08:12:37","slug":"selendide-ureticilerin-tutun-telasi-basladi","status":"publish","type":"post","link":"https:\/\/www.egemtv.com\/?p=17897","title":{"rendered":"Selendi\u2019de \u00fcreticilerin t\u00fct\u00fcn tela\u015f\u0131 ba\u015flad\u0131"},"content":{"rendered":"<p>Manisa\u2019n\u0131n Selendi il\u00e7esinde son y\u0131llarda yine g\u00f6zde \u00fcr\u00fcn haline gelen t\u00fct\u00fcnde \u00fcreticilerin yo\u011fun \u00e7al\u0131\u015fmas\u0131 ba\u015flad\u0131.<br \/>\n<br \/>Manisa\u2019n\u0131n Selendi il\u00e7esinde 2000\u2019li y\u0131llarda kota nedeniyle ekimi azalan ancak son d\u00f6nemlerde \u00f6zel firmalar\u0131n devreye girmesiyle s\u00f6zle\u015fmeli olarak \u00fcretimi yeniden ba\u015flanan t\u00fct\u00fcnde \u00fcreticilerin tela\u015f\u0131 ba\u015flad\u0131. Ge\u00e7ti\u011fimiz sezonunun hasad\u0131n\u0131 tamamlayarak \u00fcr\u00fcnlerini satan \u00fcreticiler, hen\u00fcz \u00fccretlerini bile alamadan yeni d\u00f6nem i\u00e7in \u00fcretime ba\u015flad\u0131.<br \/>\n<br \/>T\u00fct\u00fcn \u00fcretiminin \u00e7ift\u00e7ilerin g\u00f6zdesi oldu\u011funu belirten Selendi Ziraat Odas\u0131 Ba\u015fkan\u0131 Servet Aky\u0131ld\u0131z, &#8220;T\u00fct\u00fcn\u00fcn en kalitelisi Selendi\u2019de yeti\u015fiyor. \u0130l\u00e7emiz ekonomisinin en \u00f6nemli kalemleri aras\u0131nda yer alan t\u00fct\u00fcn \u00fcretimi, \u00e7ift\u00e7imizin g\u00f6zde tar\u0131m \u00fcr\u00fcn\u00fc oldu. T\u00fct\u00fcn yeti\u015ftirmek bir sanatt\u0131r. T\u00fct\u00fcn \u00fcretmek me\u015fakkatli bir i\u015ftir, \u00f6n\u00fcm\u00fczdeki d\u00f6nem i\u00e7in \u015fimdiden tela\u015f\u0131 ba\u015flad\u0131. T\u00fct\u00fcn fidelerinin yeti\u015fmesinin ard\u0131ndan, tarlalarda dikim i\u015flemi de ba\u015flayacak. B\u00f6lge olarak t\u00fct\u00fcne elveri\u015fli topraklara sahibiz. T\u00fcrkiye\u2019de en kaliteli t\u00fct\u00fcn Selendi il\u00e7esi ve y\u00f6resindeki k\u0131rsal arazilerde yeti\u015fiyor.&#8221; dedi.<br \/>\n<br \/>\u0130l\u00e7eye Ba\u011fl\u0131 k\u0131rsal \u00c7an\u015fa Mahallesinde ikamet eden t\u00fct\u00fcn \u00fcreticisi 2 \u00e7ocuk babas\u0131 60 ya\u015f\u0131ndaki Dursun Kasap ise \u015funlar\u0131 s\u00f6yledi: &#8220;T\u00fct\u00fcn bizim ge\u00e7im kayna\u011f\u0131m\u0131z. Gelirimiz t\u00fct\u00fcne ba\u011fl\u0131, ge\u00e7en y\u0131l\u0131n \u00fcr\u00fcn\u00fcn\u00fc yeni teslim ettik. \u015eimdi yeni y\u0131l\u0131n \u00e7al\u0131\u015fmas\u0131na ba\u015flad\u0131k. T\u00fct\u00fcn \u00fcretimi zor bir i\u015f.&#8221;<br \/><\/p>\n","protected":false},"excerpt":{"rendered":"<p>Manisa\u2019n\u0131n Selendi il\u00e7esinde son y\u0131llarda yine g\u00f6zde \u00fcr\u00fcn haline gelen t\u00fct\u00fcnde \u00fcreticilerin yo\u011fun \u00e7al\u0131\u015fmas\u0131 ba\u015flad\u0131. Manisa\u2019n\u0131n Selendi il\u00e7esinde 2000\u2019li y\u0131llarda kota nedeniyle ekimi azalan ancak son d\u00f6nemlerde \u00f6zel firmalar\u0131n devreye girmesiyle s\u00f6zle\u015fmeli olarak \u00fcretimi yeniden ba\u015flanan t\u00fct\u00fcnde \u00fcreticilerin tela\u015f\u0131 ba\u015flad\u0131. Ge\u00e7ti\u011fimiz sezonunun hasad\u0131n\u0131 tamamlayarak \u00fcr\u00fcnlerini satan \u00fcreticiler, hen\u00fcz \u00fccretlerini bile alamadan yeni d\u00f6nem i\u00e7in \u00fcretime&#8230;<\/p>\n","protected":false},"author":1,"featured_media":17898,"comment_status":"open","ping_status":"open","sticky":false,"template":"","format":"standard","meta":{"_crdt_document":"","footnotes":""},"categories":[125],"tags":[],"class_list":["post-17897","post","type-post","status-publish","format-standard","has-post-thumbnail","hentry","category-ekonomi"],"_links":{"self":[{"href":"https:\/\/www.egemtv.com\/index.php?rest_route=\/wp\/v2\/posts\/17897","targetHints":{"allow":["GET"]}}],"collection":[{"href":"https:\/\/www.egemtv.com\/index.php?rest_route=\/wp\/v2\/posts"}],"about":[{"href":"https:\/\/www.egemtv.com\/index.php?rest_route=\/wp\/v2\/types\/post"}],"author":[{"embeddable":true,"href":"https:\/\/www.egemtv.com\/index.php?rest_route=\/wp\/v2\/users\/1"}],"replies":[{"embeddable":true,"href":"https:\/\/www.egemtv.com\/index.php?rest_route=%2Fwp%2Fv2%2Fcomments&post=17897"}],"version-history":[{"count":1,"href":"https:\/\/www.egemtv.com\/index.php?rest_route=\/wp\/v2\/posts\/17897\/revisions"}],"predecessor-version":[{"id":17899,"href":"https:\/\/www.egemtv.com\/index.php?rest_route=\/wp\/v2\/posts\/17897\/revisions\/17899"}],"wp:featuredmedia":[{"embeddable":true,"href":"https:\/\/www.egemtv.com\/index.php?rest_route=\/wp\/v2\/media\/17898"}],"wp:attachment":[{"href":"https:\/\/www.egemtv.com\/index.php?rest_route=%2Fwp%2Fv2%2Fmedia&parent=17897"}],"wp:term":[{"taxonomy":"category","embeddable":true,"href":"https:\/\/www.egemtv.com\/index.php?rest_route=%2Fwp%2Fv2%2Fcategories&post=17897"},{"taxonomy":"post_tag","embeddable":true,"href":"https:\/\/www.egemtv.com\/index.php?rest_route=%2Fwp%2Fv2%2Ftags&post=17897"}],"curies":[{"name":"wp","href":"https:\/\/api.w.org\/{rel}","templated":true}]}}