{"id":17894,"date":"2025-02-12T11:08:13","date_gmt":"2025-02-12T08:08:13","guid":{"rendered":"https:\/\/www.egemtv.com\/?p=17894"},"modified":"2025-02-12T11:08:19","modified_gmt":"2025-02-12T08:08:19","slug":"sehzadeler-belediyesinden-gorme-engelliler-dernegine-destek","status":"publish","type":"post","link":"https:\/\/www.egemtv.com\/?p=17894","title":{"rendered":"\u015eehzadeler Belediyesinden g\u00f6rme engelliler derne\u011fine destek"},"content":{"rendered":"<p>\u015eehzadeler Belediyesi, engelli vatanda\u015flara y\u00f6nelik destek \u00e7al\u0131\u015fmalar\u0131na devam ediyor. Fen \u0130\u015fleri M\u00fcd\u00fcrl\u00fc\u011f\u00fc ekipleri, Manisa G\u00f6rme Engelliler Spor Kul\u00fcb\u00fc Dernek binas\u0131nda tadilat ve boya badana \u00e7al\u0131\u015fmas\u0131 ger\u00e7ekle\u015ftirdi.<br \/>\n<br \/>\u015eehzadeler Belediyesi, engelli vatanda\u015flar\u0131n ya\u015fam kalitesini art\u0131rmak amac\u0131yla destek projelerini s\u00fcrd\u00fcr\u00fcyor. Bu kapsamda Fen \u0130\u015fleri M\u00fcd\u00fcrl\u00fc\u011f\u00fc ekipleri, Manisa G\u00f6rme Engelliler Spor Kul\u00fcb\u00fc Dernek binas\u0131nda tadilat ve boya badana \u00e7al\u0131\u015fmas\u0131 yaparak dernek \u00fcyelerinin daha konforlu bir ortamda faaliyet g\u00f6stermesine katk\u0131 sa\u011flad\u0131.<br \/>\n<br \/>Engelli bireylerin sosyal hayata kat\u0131l\u0131m\u0131n\u0131 destekleyen projelere b\u00fcy\u00fck \u00f6nem veren \u015eehzadeler Belediyesi, Manisa G\u00f6rme Engelliler Spor Kul\u00fcb\u00fc\u2019n\u00fcn talebi do\u011frultusunda dernek binas\u0131nda bak\u0131m ve onar\u0131m \u00e7al\u0131\u015fmalar\u0131na ba\u015flad\u0131. Fen \u0130\u015fleri M\u00fcd\u00fcrl\u00fc\u011f\u00fc ekipleri taraf\u0131ndan ger\u00e7ekle\u015ftirilen tadilat kapsam\u0131nda, binada gerekli onar\u0131mlar yap\u0131ld\u0131 ve boya badana \u00e7al\u0131\u015fmas\u0131na ba\u015flad\u0131.<br \/>\n<br \/>\u015eehzadeler Belediye Ba\u015fkan\u0131 G\u00fcl\u015fah Durbay engelli bireylerin hayatlar\u0131n\u0131 kolayla\u015ft\u0131rmak i\u00e7in her zaman yanlar\u0131nda olduklar\u0131n\u0131 belirterek, &#8220;Belediye olarak dezavantajl\u0131 gruplar\u0131n ihtiya\u00e7lar\u0131na duyarl\u0131y\u0131z. Manisa G\u00f6rme Engelliler Spor Kul\u00fcb\u00fc \u00fcyelerimizin daha iyi \u015fartlarda bir araya gelebilmesi i\u00e7in binadaki bak\u0131m ve onar\u0131m \u00e7al\u0131\u015fmalar\u0131n\u0131 ger\u00e7ekle\u015ftirdik. Bundan sonra da onlar\u0131n yan\u0131nda olmaya devam edece\u011fiz&#8221; dedi.<br \/><\/p>\n","protected":false},"excerpt":{"rendered":"<p>\u015eehzadeler Belediyesi, engelli vatanda\u015flara y\u00f6nelik destek \u00e7al\u0131\u015fmalar\u0131na devam ediyor. Fen \u0130\u015fleri M\u00fcd\u00fcrl\u00fc\u011f\u00fc ekipleri, Manisa G\u00f6rme Engelliler Spor Kul\u00fcb\u00fc Dernek binas\u0131nda tadilat ve boya badana \u00e7al\u0131\u015fmas\u0131 ger\u00e7ekle\u015ftirdi. \u015eehzadeler Belediyesi, engelli vatanda\u015flar\u0131n ya\u015fam kalitesini art\u0131rmak amac\u0131yla destek projelerini s\u00fcrd\u00fcr\u00fcyor. Bu kapsamda Fen \u0130\u015fleri M\u00fcd\u00fcrl\u00fc\u011f\u00fc ekipleri, Manisa G\u00f6rme Engelliler Spor Kul\u00fcb\u00fc Dernek binas\u0131nda tadilat ve boya badana \u00e7al\u0131\u015fmas\u0131&#8230;<\/p>\n","protected":false},"author":1,"featured_media":17895,"comment_status":"open","ping_status":"open","sticky":false,"template":"","format":"standard","meta":{"_crdt_document":"","footnotes":""},"categories":[123],"tags":[],"class_list":["post-17894","post","type-post","status-publish","format-standard","has-post-thumbnail","hentry","category-gundem"],"_links":{"self":[{"href":"https:\/\/www.egemtv.com\/index.php?rest_route=\/wp\/v2\/posts\/17894","targetHints":{"allow":["GET"]}}],"collection":[{"href":"https:\/\/www.egemtv.com\/index.php?rest_route=\/wp\/v2\/posts"}],"about":[{"href":"https:\/\/www.egemtv.com\/index.php?rest_route=\/wp\/v2\/types\/post"}],"author":[{"embeddable":true,"href":"https:\/\/www.egemtv.com\/index.php?rest_route=\/wp\/v2\/users\/1"}],"replies":[{"embeddable":true,"href":"https:\/\/www.egemtv.com\/index.php?rest_route=%2Fwp%2Fv2%2Fcomments&post=17894"}],"version-history":[{"count":1,"href":"https:\/\/www.egemtv.com\/index.php?rest_route=\/wp\/v2\/posts\/17894\/revisions"}],"predecessor-version":[{"id":17896,"href":"https:\/\/www.egemtv.com\/index.php?rest_route=\/wp\/v2\/posts\/17894\/revisions\/17896"}],"wp:featuredmedia":[{"embeddable":true,"href":"https:\/\/www.egemtv.com\/index.php?rest_route=\/wp\/v2\/media\/17895"}],"wp:attachment":[{"href":"https:\/\/www.egemtv.com\/index.php?rest_route=%2Fwp%2Fv2%2Fmedia&parent=17894"}],"wp:term":[{"taxonomy":"category","embeddable":true,"href":"https:\/\/www.egemtv.com\/index.php?rest_route=%2Fwp%2Fv2%2Fcategories&post=17894"},{"taxonomy":"post_tag","embeddable":true,"href":"https:\/\/www.egemtv.com\/index.php?rest_route=%2Fwp%2Fv2%2Ftags&post=17894"}],"curies":[{"name":"wp","href":"https:\/\/api.w.org\/{rel}","templated":true}]}}