{"id":17891,"date":"2025-02-12T11:08:08","date_gmt":"2025-02-12T08:08:08","guid":{"rendered":"https:\/\/www.egemtv.com\/?p=17891"},"modified":"2025-02-12T11:08:13","modified_gmt":"2025-02-12T08:08:13","slug":"tavsanlida-otomobil-yayaya-carpti-1-yarali-2","status":"publish","type":"post","link":"https:\/\/www.egemtv.com\/?p=17891","title":{"rendered":"Tav\u015fanl\u0131\u2019da otomobil yayaya \u00e7arpt\u0131: 1 yaral\u0131"},"content":{"rendered":"<p>K\u00fctahya\u2019n\u0131n Tav\u015fanl\u0131 il\u00e7esinde d\u00fcn gece meydana gelen trafik kazas\u0131nda bir ki\u015fi yaraland\u0131.<br \/>\n<br \/>Edinilen bilgilere g\u00f6re, Durak Mahallesi \u00c7evre Yolu \u00fczerinde E.\u0130. y\u00f6netimindeki 43 FZ 212 plakal\u0131 otomobil, \u015fehir merkezinden Moymul Mahallesi y\u00f6n\u00fcne seyir halindeyken yolun kar\u015f\u0131s\u0131na ge\u00e7meye \u00e7al\u0131\u015fan Ali Akko\u00e7\u2019a \u00e7arpt\u0131. Kazan\u0131n ard\u0131ndan olay yerine sa\u011fl\u0131k ekipleri sevk edildi. \u0130lk m\u00fcdahalesi olay yerinde yap\u0131lan yaral\u0131, 112 Acil Servis ekiplerince Tav\u015fanl\u0131 Do\u00e7. Dr. Mustafa Kalemli Devlet Hastanesi\u2019ne kald\u0131r\u0131ld\u0131.<br \/><\/p>\n","protected":false},"excerpt":{"rendered":"<p>K\u00fctahya\u2019n\u0131n Tav\u015fanl\u0131 il\u00e7esinde d\u00fcn gece meydana gelen trafik kazas\u0131nda bir ki\u015fi yaraland\u0131. Edinilen bilgilere g\u00f6re, Durak Mahallesi \u00c7evre Yolu \u00fczerinde E.\u0130. y\u00f6netimindeki 43 FZ 212 plakal\u0131 otomobil, \u015fehir merkezinden Moymul Mahallesi y\u00f6n\u00fcne seyir halindeyken yolun kar\u015f\u0131s\u0131na ge\u00e7meye \u00e7al\u0131\u015fan Ali Akko\u00e7\u2019a \u00e7arpt\u0131. Kazan\u0131n ard\u0131ndan olay yerine sa\u011fl\u0131k ekipleri sevk edildi. \u0130lk m\u00fcdahalesi olay yerinde yap\u0131lan yaral\u0131,&#8230;<\/p>\n","protected":false},"author":1,"featured_media":17892,"comment_status":"open","ping_status":"open","sticky":false,"template":"","format":"standard","meta":{"_crdt_document":"","footnotes":""},"categories":[5],"tags":[],"class_list":["post-17891","post","type-post","status-publish","format-standard","has-post-thumbnail","hentry","category-asayis"],"_links":{"self":[{"href":"https:\/\/www.egemtv.com\/index.php?rest_route=\/wp\/v2\/posts\/17891","targetHints":{"allow":["GET"]}}],"collection":[{"href":"https:\/\/www.egemtv.com\/index.php?rest_route=\/wp\/v2\/posts"}],"about":[{"href":"https:\/\/www.egemtv.com\/index.php?rest_route=\/wp\/v2\/types\/post"}],"author":[{"embeddable":true,"href":"https:\/\/www.egemtv.com\/index.php?rest_route=\/wp\/v2\/users\/1"}],"replies":[{"embeddable":true,"href":"https:\/\/www.egemtv.com\/index.php?rest_route=%2Fwp%2Fv2%2Fcomments&post=17891"}],"version-history":[{"count":1,"href":"https:\/\/www.egemtv.com\/index.php?rest_route=\/wp\/v2\/posts\/17891\/revisions"}],"predecessor-version":[{"id":17893,"href":"https:\/\/www.egemtv.com\/index.php?rest_route=\/wp\/v2\/posts\/17891\/revisions\/17893"}],"wp:featuredmedia":[{"embeddable":true,"href":"https:\/\/www.egemtv.com\/index.php?rest_route=\/wp\/v2\/media\/17892"}],"wp:attachment":[{"href":"https:\/\/www.egemtv.com\/index.php?rest_route=%2Fwp%2Fv2%2Fmedia&parent=17891"}],"wp:term":[{"taxonomy":"category","embeddable":true,"href":"https:\/\/www.egemtv.com\/index.php?rest_route=%2Fwp%2Fv2%2Fcategories&post=17891"},{"taxonomy":"post_tag","embeddable":true,"href":"https:\/\/www.egemtv.com\/index.php?rest_route=%2Fwp%2Fv2%2Ftags&post=17891"}],"curies":[{"name":"wp","href":"https:\/\/api.w.org\/{rel}","templated":true}]}}