{"id":17888,"date":"2025-02-12T11:08:01","date_gmt":"2025-02-12T08:08:01","guid":{"rendered":"https:\/\/www.egemtv.com\/?p=17888"},"modified":"2025-02-12T11:08:07","modified_gmt":"2025-02-12T08:08:07","slug":"deniz-suyu-cekilmeleri-normal-bir-doga-olayi","status":"publish","type":"post","link":"https:\/\/www.egemtv.com\/?p=17888","title":{"rendered":"&#8220;Deniz suyu \u00e7ekilmeleri normal bir do\u011fa olay\u0131&#8221;"},"content":{"rendered":"<p>Seferihisar Belediyesi Afet \u0130\u015fleri M\u00fcd\u00fcrl\u00fc\u011f\u00fc, son g\u00fcnlerde vatanda\u015flar\u0131 tedirgin eden deniz suyu \u00e7ekilmelerine ili\u015fkin a\u00e7\u0131klama yapt\u0131. S\u00f6z konusu \u00e7ekilmenin, y\u0131l\u0131n bu d\u00f6nemlerinde rutin olarak ya\u015fanan, \u015fiddetli poyraz\u0131n sebep oldu\u011fu normal bir do\u011fa olay\u0131 oldu\u011fu belirtildi.<br \/>\n<br \/>Ege Denizi\u2019nde Santorini Adas\u0131 \u00e7evresinde deprem f\u0131rt\u0131nas\u0131 devam ederken, \u0130zmir k\u0131y\u0131lar\u0131nda deniz suyu \u00e7ekilmeleri vatanda\u015flar\u0131 tedirgin ediyor. Di\u011fer taraftan, tsunami ve acil durum riskine kar\u015f\u0131 \u0130zmir\u2019in Seferihisar il\u00e7esinde k\u0131y\u0131ya mobil siren sistemi kuruldu. Seferihisar Belediyesi Afet \u0130\u015fleri M\u00fcd\u00fcrl\u00fc\u011f\u00fcnden, deprem, tsunami tehlikesine kar\u015f\u0131 endi\u015fe ve korkular\u0131 giderecek rahatlat\u0131c\u0131 a\u00e7\u0131klama geldi. Baz\u0131 bas\u0131n organlar\u0131 ile sosyal medyada yap\u0131lan bilimsel ger\u00e7eklikten uzak adeta dedikodu niteli\u011findeki yay\u0131n ve payla\u015f\u0131mlar\u0131n halk\u0131 tedirginli\u011fe, endi\u015fe ve korkuya sevk etti\u011fi ifade edilen a\u00e7\u0131klamada, \u015fu ifadeler yer ald\u0131:<br \/>\n<br \/>&#8220;Neredeyse son \u00fc\u00e7 g\u00fcnd\u00fcr gerek devletin yetkili kurumlar\u0131 ve gerekse konunun uzmanlar\u0131 taraf\u0131ndan ya\u015fanan bu su \u00e7ekilmesinin y\u0131l\u0131n bu d\u00f6nemlerinde rutin olarak ya\u015fanan, \u015fiddetli poyraz r\u00fczgarlar\u0131n\u0131n sebep oldu\u011fu normal bir do\u011fa olay\u0131 oldu\u011fu, bu olay\u0131n neredeyse her y\u0131l az ya da \u00e7ok haliyle ya\u015fand\u0131\u011f\u0131n\u0131n bilindi\u011fini \u0131srarla ifade ediliyor olsa da s\u00f6z konusu sorumsuz payla\u015f\u0131m ve haberlerin devam etmesi, vatanda\u015f\u0131m\u0131z\u0131n bu konudaki endi\u015felerini hafifletmedi\u011fi gibi kafas\u0131n\u0131n daha \u00e7ok kar\u0131\u015fmas\u0131na neden olmaktad\u0131r. \u00dclkemiz ve elbette ki il\u00e7emiz 1. Derece Afet B\u00f6lgesi i\u00e7inde yer alan ve bir\u00e7ok afet riskini b\u00fcnyesinde bar\u0131nd\u0131ran bir konumda yer almaktad\u0131r. O nedenle vatanda\u015flar\u0131m\u0131z bu konuda \u015funu \u00e7ok iyi bilmelidir ki Ege Denizi\u2019ndeki jeolojik hareketlili\u011fin neden oldu\u011fu riskler bundan 10 g\u00fcn \u00f6ncesindeki risklerden daha \u00e7ok de\u011fildir. Vatanda\u015f olarak bizlere d\u00fc\u015fen muhtemel her t\u00fcrl\u00fc afet ve acil duruma kar\u015f\u0131 bilin\u00e7li ve haz\u0131rl\u0131kl\u0131 olmakt\u0131r.&#8221;<br \/>\n<br \/>A\u00e7\u0131klaman\u0131n sonunda, konuyla hi\u00e7bir ili\u015fkisi olmayan ki\u015fi, kurum ve kurulu\u015flarca yap\u0131lan afaki a\u00e7\u0131klama, haber ve payla\u015f\u0131mlara itibar edilmemesi istendi.<br \/><\/p>\n","protected":false},"excerpt":{"rendered":"<p>Seferihisar Belediyesi Afet \u0130\u015fleri M\u00fcd\u00fcrl\u00fc\u011f\u00fc, son g\u00fcnlerde vatanda\u015flar\u0131 tedirgin eden deniz suyu \u00e7ekilmelerine ili\u015fkin a\u00e7\u0131klama yapt\u0131. S\u00f6z konusu \u00e7ekilmenin, y\u0131l\u0131n bu d\u00f6nemlerinde rutin olarak ya\u015fanan, \u015fiddetli poyraz\u0131n sebep oldu\u011fu normal bir do\u011fa olay\u0131 oldu\u011fu belirtildi. Ege Denizi\u2019nde Santorini Adas\u0131 \u00e7evresinde deprem f\u0131rt\u0131nas\u0131 devam ederken, \u0130zmir k\u0131y\u0131lar\u0131nda deniz suyu \u00e7ekilmeleri vatanda\u015flar\u0131 tedirgin ediyor. Di\u011fer taraftan, tsunami&#8230;<\/p>\n","protected":false},"author":1,"featured_media":17889,"comment_status":"open","ping_status":"open","sticky":false,"template":"","format":"standard","meta":{"_crdt_document":"","footnotes":""},"categories":[1],"tags":[],"class_list":["post-17888","post","type-post","status-publish","format-standard","has-post-thumbnail","hentry","category-guncel"],"_links":{"self":[{"href":"https:\/\/www.egemtv.com\/index.php?rest_route=\/wp\/v2\/posts\/17888","targetHints":{"allow":["GET"]}}],"collection":[{"href":"https:\/\/www.egemtv.com\/index.php?rest_route=\/wp\/v2\/posts"}],"about":[{"href":"https:\/\/www.egemtv.com\/index.php?rest_route=\/wp\/v2\/types\/post"}],"author":[{"embeddable":true,"href":"https:\/\/www.egemtv.com\/index.php?rest_route=\/wp\/v2\/users\/1"}],"replies":[{"embeddable":true,"href":"https:\/\/www.egemtv.com\/index.php?rest_route=%2Fwp%2Fv2%2Fcomments&post=17888"}],"version-history":[{"count":1,"href":"https:\/\/www.egemtv.com\/index.php?rest_route=\/wp\/v2\/posts\/17888\/revisions"}],"predecessor-version":[{"id":17890,"href":"https:\/\/www.egemtv.com\/index.php?rest_route=\/wp\/v2\/posts\/17888\/revisions\/17890"}],"wp:featuredmedia":[{"embeddable":true,"href":"https:\/\/www.egemtv.com\/index.php?rest_route=\/wp\/v2\/media\/17889"}],"wp:attachment":[{"href":"https:\/\/www.egemtv.com\/index.php?rest_route=%2Fwp%2Fv2%2Fmedia&parent=17888"}],"wp:term":[{"taxonomy":"category","embeddable":true,"href":"https:\/\/www.egemtv.com\/index.php?rest_route=%2Fwp%2Fv2%2Fcategories&post=17888"},{"taxonomy":"post_tag","embeddable":true,"href":"https:\/\/www.egemtv.com\/index.php?rest_route=%2Fwp%2Fv2%2Ftags&post=17888"}],"curies":[{"name":"wp","href":"https:\/\/api.w.org\/{rel}","templated":true}]}}