{"id":17885,"date":"2025-02-12T10:58:01","date_gmt":"2025-02-12T07:58:01","guid":{"rendered":"https:\/\/www.egemtv.com\/?p=17885"},"modified":"2025-02-12T10:58:08","modified_gmt":"2025-02-12T07:58:08","slug":"manisali-guresciler-turkiye-sampiyonu-oldu","status":"publish","type":"post","link":"https:\/\/www.egemtv.com\/?p=17885","title":{"rendered":"Manisal\u0131 g\u00fcre\u015f\u00e7iler T\u00fcrkiye \u015eampiyonu oldu"},"content":{"rendered":"<p>Gen\u00e7lik ve Spor Bakanl\u0131\u011f\u0131 taraf\u0131ndan K\u0131r\u015fehir\u2019de d\u00fczenlenen Okul Sporlar\u0131 Gen\u00e7ler G\u00fcre\u015f T\u00fcrkiye Birincili\u011fi M\u00fcsabakalar\u0131nda Manisa\u2019y\u0131 temsil eden g\u00fcre\u015f\u00e7iler, b\u00fcy\u00fck bir ba\u015far\u0131ya imza atarak 3 alt\u0131n ve 1 bronz madalya kazanarak 100 tam puan toplayarak tak\u0131m halinde T\u00fcrkiye \u015eampiyonu oldu.<br \/>\n<br \/>Manisa G\u00fcre\u015f E\u011fitim Merkezi sporcular\u0131, grekoromen stilde g\u00f6sterdikleri \u00fcst\u00fcn performansla turnuvada 3 alt\u0131n ve 1 bronz madalya kazanarak Manisa\u2019n\u0131n gururu oldu.<br \/>\n<br \/>Manisal\u0131 sporcular, bireysel derecelerinin yan\u0131 s\u0131ra tak\u0131m olarak da 100 tam puan toplayarak T\u00fcrkiye \u015fampiyonu unvan\u0131n\u0131 kazand\u0131.<br \/>\n<br \/>M\u00fcsabakalarda 45 kiloda S\u00fcleyman Efe G\u00fcle\u00e7, 51 kiloda Polat Can Karadeniz ve 92 kiloda Yasin \u00c7ak\u0131r, T\u00fcrkiye \u015eampiyonu olarak alt\u0131n madalya kazan\u0131rken, 71 kiloda Mehmet Dipcino\u011flu bronz madalya alarak T\u00fcrkiye \u00fc\u00e7\u00fcnc\u00fcs\u00fc oldu. 65 kiloda m\u00fccadele eden Onur Kara ise turnuvay\u0131 be\u015finci s\u0131rada tamamlad\u0131. Manisa Gen\u00e7lik ve Spor \u0130l M\u00fcd\u00fcr\u00fc Yunus \u00d6zt\u00fcrk, b\u00fcy\u00fck ba\u015far\u0131 g\u00f6steren sporcular\u0131 ve antren\u00f6rleri tebrik ederek, &#8220;Sporcular\u0131m\u0131z her alanda b\u00fcy\u00fck ba\u015far\u0131lar elde ediyor. Bunlardan biri de g\u00fcre\u015f bran\u015f\u0131m\u0131zd\u0131r. Manisal\u0131 g\u00fcre\u015f\u00e7ilerimiz, \u015fehrimizin g\u00fcre\u015fteki iddias\u0131n\u0131 bir kez daha kan\u0131tlad\u0131. Sporcular\u0131m\u0131z\u0131 kutlar, ba\u015far\u0131lar\u0131n\u0131n devam\u0131n\u0131 dilerim&#8221; ifadelerini kulland\u0131.<br \/><\/p>\n","protected":false},"excerpt":{"rendered":"<p>Gen\u00e7lik ve Spor Bakanl\u0131\u011f\u0131 taraf\u0131ndan K\u0131r\u015fehir\u2019de d\u00fczenlenen Okul Sporlar\u0131 Gen\u00e7ler G\u00fcre\u015f T\u00fcrkiye Birincili\u011fi M\u00fcsabakalar\u0131nda Manisa\u2019y\u0131 temsil eden g\u00fcre\u015f\u00e7iler, b\u00fcy\u00fck bir ba\u015far\u0131ya imza atarak 3 alt\u0131n ve 1 bronz madalya kazanarak 100 tam puan toplayarak tak\u0131m halinde T\u00fcrkiye \u015eampiyonu oldu. Manisa G\u00fcre\u015f E\u011fitim Merkezi sporcular\u0131, grekoromen stilde g\u00f6sterdikleri \u00fcst\u00fcn performansla turnuvada 3 alt\u0131n ve 1 bronz&#8230;<\/p>\n","protected":false},"author":1,"featured_media":17886,"comment_status":"open","ping_status":"open","sticky":false,"template":"","format":"standard","meta":{"_crdt_document":"","footnotes":""},"categories":[4],"tags":[],"class_list":["post-17885","post","type-post","status-publish","format-standard","has-post-thumbnail","hentry","category-spor"],"_links":{"self":[{"href":"https:\/\/www.egemtv.com\/index.php?rest_route=\/wp\/v2\/posts\/17885","targetHints":{"allow":["GET"]}}],"collection":[{"href":"https:\/\/www.egemtv.com\/index.php?rest_route=\/wp\/v2\/posts"}],"about":[{"href":"https:\/\/www.egemtv.com\/index.php?rest_route=\/wp\/v2\/types\/post"}],"author":[{"embeddable":true,"href":"https:\/\/www.egemtv.com\/index.php?rest_route=\/wp\/v2\/users\/1"}],"replies":[{"embeddable":true,"href":"https:\/\/www.egemtv.com\/index.php?rest_route=%2Fwp%2Fv2%2Fcomments&post=17885"}],"version-history":[{"count":1,"href":"https:\/\/www.egemtv.com\/index.php?rest_route=\/wp\/v2\/posts\/17885\/revisions"}],"predecessor-version":[{"id":17887,"href":"https:\/\/www.egemtv.com\/index.php?rest_route=\/wp\/v2\/posts\/17885\/revisions\/17887"}],"wp:featuredmedia":[{"embeddable":true,"href":"https:\/\/www.egemtv.com\/index.php?rest_route=\/wp\/v2\/media\/17886"}],"wp:attachment":[{"href":"https:\/\/www.egemtv.com\/index.php?rest_route=%2Fwp%2Fv2%2Fmedia&parent=17885"}],"wp:term":[{"taxonomy":"category","embeddable":true,"href":"https:\/\/www.egemtv.com\/index.php?rest_route=%2Fwp%2Fv2%2Fcategories&post=17885"},{"taxonomy":"post_tag","embeddable":true,"href":"https:\/\/www.egemtv.com\/index.php?rest_route=%2Fwp%2Fv2%2Ftags&post=17885"}],"curies":[{"name":"wp","href":"https:\/\/api.w.org\/{rel}","templated":true}]}}