{"id":17882,"date":"2025-02-12T10:57:26","date_gmt":"2025-02-12T07:57:26","guid":{"rendered":"https:\/\/www.egemtv.com\/?p=17882"},"modified":"2025-02-12T10:57:33","modified_gmt":"2025-02-12T07:57:33","slug":"albay-vedat-kulturden-kutahya-osb-yonetimine-ziyaret","status":"publish","type":"post","link":"https:\/\/www.egemtv.com\/?p=17882","title":{"rendered":"Albay Vedat K\u00fclt\u00fcr\u2019den K\u00fctahya OSB y\u00f6netimine ziyaret"},"content":{"rendered":"<p>K\u00fctahya \u0130l Jandarma Komutan\u0131 Albay Vedat K\u00fclt\u00fcr, K\u00fctahya Organize Sanayi B\u00f6lgesi Y\u00f6netim Kurulu\u2019nu ziyaret etti. K\u00fctahya OSB M\u00fcd\u00fcrl\u00fc\u011f\u00fc toplant\u0131 salonunda ger\u00e7ekle\u015fen ziyarette, sanayi b\u00f6lgesinin faaliyetleri ve g\u00fcvenlik konular\u0131 de\u011ferlendirildi.<br \/>\n<br \/>Ziyarete K\u00fctahya OSB Y\u00f6netim Kurulu Ba\u015fkan\u0131 Tolga Eskio\u011flu, Ba\u015fkan Vekili Emin Y\u00fcce, Y\u00f6netim Kurulu \u00fcyeleri S\u00fcleyman \u00d6l\u00e7er, Ali Alper Olgun, M. Zeyit Damar, Fatih Karabulut ve B\u00f6lge M\u00fcd\u00fcr\u00fc Tunahan Ergin kat\u0131ld\u0131. Toplant\u0131da, K\u00fctahya OSB\u2019nin sanayi ve \u00fcretim kapasitesine y\u00f6nelik bilgiler payla\u015f\u0131l\u0131rken, b\u00f6lgedeki g\u00fcvenlik ve i\u015f birliklerinin g\u00fc\u00e7lendirilmesi ad\u0131na g\u00f6r\u00fc\u015f al\u0131\u015fveri\u015finde bulunuldu. \u0130l Jandarma Komutan\u0131 Vedat K\u00fclt\u00fcr, K\u00fctahya OSB\u2019nin \u015fehre ve \u00fclke ekonomisine sa\u011flad\u0131\u011f\u0131 katk\u0131lar\u0131n \u00f6nemine de\u011finerek b\u00f6lgenin g\u00fcvenli\u011fi noktas\u0131nda Jandarma te\u015fkilat\u0131 olarak her zaman destek vermeye haz\u0131r olduklar\u0131n\u0131 ifade etti.<br \/>\n<br \/>K\u00fctahya OSB Y\u00f6netim Kurulu Ba\u015fkan\u0131 Tolga Eskio\u011flu, ziyaretlerinden dolay\u0131 te\u015fekk\u00fcrlerini sunarak sanayi b\u00f6lgesinde g\u00fcvenli\u011fin sa\u011flanmas\u0131 noktas\u0131nda Jandarma ile s\u00fcrd\u00fcr\u00fclen i\u015f birli\u011finin \u00f6nemine dikkat \u00e7ekti. Kar\u015f\u0131l\u0131kl\u0131 iyi dileklerin iletilmesinin ard\u0131ndan ziyaret sona erdi.<br \/><\/p>\n","protected":false},"excerpt":{"rendered":"<p>K\u00fctahya \u0130l Jandarma Komutan\u0131 Albay Vedat K\u00fclt\u00fcr, K\u00fctahya Organize Sanayi B\u00f6lgesi Y\u00f6netim Kurulu\u2019nu ziyaret etti. K\u00fctahya OSB M\u00fcd\u00fcrl\u00fc\u011f\u00fc toplant\u0131 salonunda ger\u00e7ekle\u015fen ziyarette, sanayi b\u00f6lgesinin faaliyetleri ve g\u00fcvenlik konular\u0131 de\u011ferlendirildi. Ziyarete K\u00fctahya OSB Y\u00f6netim Kurulu Ba\u015fkan\u0131 Tolga Eskio\u011flu, Ba\u015fkan Vekili Emin Y\u00fcce, Y\u00f6netim Kurulu \u00fcyeleri S\u00fcleyman \u00d6l\u00e7er, Ali Alper Olgun, M. Zeyit Damar, Fatih Karabulut ve&#8230;<\/p>\n","protected":false},"author":1,"featured_media":17883,"comment_status":"open","ping_status":"open","sticky":false,"template":"","format":"standard","meta":{"_crdt_document":"","footnotes":""},"categories":[123],"tags":[],"class_list":["post-17882","post","type-post","status-publish","format-standard","has-post-thumbnail","hentry","category-gundem"],"_links":{"self":[{"href":"https:\/\/www.egemtv.com\/index.php?rest_route=\/wp\/v2\/posts\/17882","targetHints":{"allow":["GET"]}}],"collection":[{"href":"https:\/\/www.egemtv.com\/index.php?rest_route=\/wp\/v2\/posts"}],"about":[{"href":"https:\/\/www.egemtv.com\/index.php?rest_route=\/wp\/v2\/types\/post"}],"author":[{"embeddable":true,"href":"https:\/\/www.egemtv.com\/index.php?rest_route=\/wp\/v2\/users\/1"}],"replies":[{"embeddable":true,"href":"https:\/\/www.egemtv.com\/index.php?rest_route=%2Fwp%2Fv2%2Fcomments&post=17882"}],"version-history":[{"count":1,"href":"https:\/\/www.egemtv.com\/index.php?rest_route=\/wp\/v2\/posts\/17882\/revisions"}],"predecessor-version":[{"id":17884,"href":"https:\/\/www.egemtv.com\/index.php?rest_route=\/wp\/v2\/posts\/17882\/revisions\/17884"}],"wp:featuredmedia":[{"embeddable":true,"href":"https:\/\/www.egemtv.com\/index.php?rest_route=\/wp\/v2\/media\/17883"}],"wp:attachment":[{"href":"https:\/\/www.egemtv.com\/index.php?rest_route=%2Fwp%2Fv2%2Fmedia&parent=17882"}],"wp:term":[{"taxonomy":"category","embeddable":true,"href":"https:\/\/www.egemtv.com\/index.php?rest_route=%2Fwp%2Fv2%2Fcategories&post=17882"},{"taxonomy":"post_tag","embeddable":true,"href":"https:\/\/www.egemtv.com\/index.php?rest_route=%2Fwp%2Fv2%2Ftags&post=17882"}],"curies":[{"name":"wp","href":"https:\/\/api.w.org\/{rel}","templated":true}]}}