{"id":17876,"date":"2025-02-12T10:53:51","date_gmt":"2025-02-12T07:53:51","guid":{"rendered":"https:\/\/www.egemtv.com\/?p=17876"},"modified":"2025-02-12T10:53:56","modified_gmt":"2025-02-12T07:53:56","slug":"datcada-mevsimin-ilk-caglasi-cikti","status":"publish","type":"post","link":"https:\/\/www.egemtv.com\/?p=17876","title":{"rendered":"Dat\u00e7a\u2019da mevsimin ilk \u00e7a\u011flas\u0131 \u00e7\u0131kt\u0131"},"content":{"rendered":"<p>Yurdun b\u00fcy\u00fck bir b\u00f6l\u00fcm\u00fcnde kar ya\u011f\u0131\u015fl\u0131 hava etkisini s\u00fcrd\u00fcr\u00fcrken, Mu\u011fla\u2019n\u0131n Dat\u00e7a il\u00e7esinde \u00fcreticiler sezonun ilk \u00e7a\u011fla badem hasad\u0131 i\u00e7in g\u00fcn say\u0131yor. Erkenci badem a\u011fa\u00e7lar\u0131ndan toplanan ilk \u00fcr\u00fcnler \u00fcreticiden toptan kilosu 600-700 liradan al\u0131n\u0131rken, \u0130stanbul ve \u0130zmir gibi illerde perakende sat\u0131\u015f fiyat\u0131 kilosu 2 bin, 2 bin 500 liradan sat\u0131l\u0131yor.<br \/>\n<br \/>Ege ile Akdeniz\u2019in kesi\u015fti\u011fi noktada bulunan Dat\u00e7a il\u00e7esinde \u0131l\u0131man ge\u00e7en bir k\u0131\u015f sezonunun ard\u0131ndan ocak ay\u0131nda \u00e7i\u00e7ek a\u00e7maya ba\u015flayan badem a\u011fa\u00e7lar\u0131 ilk meyvelerini vermeye ba\u015flad\u0131. Dat\u00e7a\u2019n\u0131n Palamutb\u00fck\u00fc, Re\u015fadiye, Mesudiye ve Yaka gibi mahallelerinde erkenci badem a\u011fa\u00e7lar\u0131 \u00e7i\u00e7eklerini d\u00f6kerek meyve vermeye ba\u015flad\u0131.<br \/>\n<br \/>Palamutb\u00fck\u00fc Mahallesi\u2019nde badem a\u011fa\u00e7lar\u0131 ilk \u00e7a\u011fla meyvelerini verirken, \u00fcreticiler hava \u015fartlar\u0131n\u0131n iyi gitmesi nedeniyle rekoltede art\u0131\u015f bekliyor. \u0130lk \u00e7a\u011fla \u00fcr\u00fcnlerini alan \u00fcreticiler t\u00fcccara \u00e7a\u011fla bademin kilosunu 600-700 liradan satarken, \u0130stanbul ve \u0130zmir gibi kentlerde t\u00fcketiciye kilosunun 2 bin, 2 bin 200 liradan sat\u0131ld\u0131\u011f\u0131 a\u00e7\u0131kland\u0131.<br \/>\n<br \/>Dat\u00e7a\u2019da \u00e7a\u011fla badem \u00fcreticisi Muhittin Direk, bol ya\u011f\u0131\u015fl\u0131 bir k\u0131\u015f mevsimi ya\u015fad\u0131klar\u0131n\u0131 belirterek, &#8220;Bu sene havan\u0131n g\u00fczel gitmesi sebebiyle \u00e7a\u011flalar\u0131m\u0131z erken oldu, hasat ba\u015flad\u0131. \u015eu anda toptan 600-700 lira civar\u0131nda sat\u0131l\u0131yor. \u0130zmir-\u0130stanbul gibi yerlerde ise 2 bin-2 bin 500 lira civar\u0131nda ra\u011fbet g\u00f6rmekte. Bu sene rekoltenin y\u00fcksek olaca\u011f\u0131n\u0131 d\u00fc\u015f\u00fcn\u00fcyoruz. \u00c7\u00fcnk\u00fc mevsim g\u00fczel gitti, ya\u011fmurlu ge\u00e7ti. \u0130n\u015fallah bu sene \u00fcreticilerimiz g\u00fczel para kazanacak diye umut ediyoruz&#8221; dedi.<br \/><\/p>\n","protected":false},"excerpt":{"rendered":"<p>Yurdun b\u00fcy\u00fck bir b\u00f6l\u00fcm\u00fcnde kar ya\u011f\u0131\u015fl\u0131 hava etkisini s\u00fcrd\u00fcr\u00fcrken, Mu\u011fla\u2019n\u0131n Dat\u00e7a il\u00e7esinde \u00fcreticiler sezonun ilk \u00e7a\u011fla badem hasad\u0131 i\u00e7in g\u00fcn say\u0131yor. Erkenci badem a\u011fa\u00e7lar\u0131ndan toplanan ilk \u00fcr\u00fcnler \u00fcreticiden toptan kilosu 600-700 liradan al\u0131n\u0131rken, \u0130stanbul ve \u0130zmir gibi illerde perakende sat\u0131\u015f fiyat\u0131 kilosu 2 bin, 2 bin 500 liradan sat\u0131l\u0131yor. Ege ile Akdeniz\u2019in kesi\u015fti\u011fi noktada bulunan&#8230;<\/p>\n","protected":false},"author":1,"featured_media":17877,"comment_status":"open","ping_status":"open","sticky":false,"template":"","format":"standard","meta":{"_crdt_document":"","footnotes":""},"categories":[125],"tags":[],"class_list":["post-17876","post","type-post","status-publish","format-standard","has-post-thumbnail","hentry","category-ekonomi"],"_links":{"self":[{"href":"https:\/\/www.egemtv.com\/index.php?rest_route=\/wp\/v2\/posts\/17876","targetHints":{"allow":["GET"]}}],"collection":[{"href":"https:\/\/www.egemtv.com\/index.php?rest_route=\/wp\/v2\/posts"}],"about":[{"href":"https:\/\/www.egemtv.com\/index.php?rest_route=\/wp\/v2\/types\/post"}],"author":[{"embeddable":true,"href":"https:\/\/www.egemtv.com\/index.php?rest_route=\/wp\/v2\/users\/1"}],"replies":[{"embeddable":true,"href":"https:\/\/www.egemtv.com\/index.php?rest_route=%2Fwp%2Fv2%2Fcomments&post=17876"}],"version-history":[{"count":1,"href":"https:\/\/www.egemtv.com\/index.php?rest_route=\/wp\/v2\/posts\/17876\/revisions"}],"predecessor-version":[{"id":17878,"href":"https:\/\/www.egemtv.com\/index.php?rest_route=\/wp\/v2\/posts\/17876\/revisions\/17878"}],"wp:featuredmedia":[{"embeddable":true,"href":"https:\/\/www.egemtv.com\/index.php?rest_route=\/wp\/v2\/media\/17877"}],"wp:attachment":[{"href":"https:\/\/www.egemtv.com\/index.php?rest_route=%2Fwp%2Fv2%2Fmedia&parent=17876"}],"wp:term":[{"taxonomy":"category","embeddable":true,"href":"https:\/\/www.egemtv.com\/index.php?rest_route=%2Fwp%2Fv2%2Fcategories&post=17876"},{"taxonomy":"post_tag","embeddable":true,"href":"https:\/\/www.egemtv.com\/index.php?rest_route=%2Fwp%2Fv2%2Ftags&post=17876"}],"curies":[{"name":"wp","href":"https:\/\/api.w.org\/{rel}","templated":true}]}}