{"id":17872,"date":"2025-02-12T10:52:32","date_gmt":"2025-02-12T07:52:32","guid":{"rendered":"https:\/\/www.egemtv.com\/?p=17872"},"modified":"2025-02-12T10:52:47","modified_gmt":"2025-02-12T07:52:47","slug":"koycegizde-berat-kandili-ozel-programlarla-idrak-edilecek-2","status":"publish","type":"post","link":"https:\/\/www.egemtv.com\/?p=17872","title":{"rendered":"K\u00f6yce\u011fiz\u2019de Berat Kandili, \u00f6zel programlarla idrak edilecek"},"content":{"rendered":"<p>Mu\u011fla\u2019n\u0131n K\u00f6yce\u011fiz il\u00e7esinde Berat Kandili nedeniyle 13 \u015eubat 2025 Per\u015fembe g\u00fcn\u00fcne \u00f6zel programlar d\u00fczenlendi.<\/p>\n<p>Berat Kandili vesilesiyle, K\u00f6yce\u011fiz Balc\u0131lar Mahallesi Camiinde per\u015fembe g\u00fcn\u00fc saat 10.30\u2019da bayanlara y\u00f6nelik Kandil \u00f6zel program\u0131, Ak\u015fam namaz\u0131ndan sonra da t\u00fcm cemaate y\u00f6nelik olarak Merkez Hac\u0131bey Camii\u2019nde; Toparlar Mahallesi Ar\u0131kba\u015f\u0131 Camiinde ve yine, Beyobas\u0131 Mahallesi Merkez Camiinde K\u00f6yce\u011fiz\u2019deki t\u00fcm camilerde oldu\u011fu gibi Kandil \u00f6zel program\u0131 ger\u00e7ekle\u015ftirilecek.<\/p>\n<p>K\u00f6yce\u011fiz \u0130l\u00e7e M\u00fcft\u00fcl\u00fc\u011f\u00fc taraf\u0131ndan yap\u0131lan a\u00e7\u0131klamada; &#8220;13 \u015eubat 2025 Per\u015fembe g\u00fcn\u00fc ak\u015fam\u0131 On bir ay\u0131n sultan\u0131 Ramazan-\u0131 \u015eerifin g\u00f6lgesinin \u00fczerimize iyice d\u00fc\u015ft\u00fc\u011f\u00fcn\u00fcn habercisi, dualar\u0131n reddedilmedi\u011fi, Y\u00fcce Rabbimizin biz kullar\u0131na: &#8220;Yok mu \u015funu isteyen yok mu bunu isteyen&#8221; diye ihsan kap\u0131lar\u0131n\u0131 sonuna kadar a\u00e7t\u0131\u011f\u0131 Berat Kandil\u2019ini idrak edece\u011fiz. Berat Kandili nedeniyle \u00e7e\u015fitli programlar d\u00fczenledik. Programlar\u0131m\u0131za t\u00fcm halk\u0131m\u0131z\u0131 davet eder, K\u00f6yce\u011fizli karde\u015flerimizin, misafirlerimizin ve t\u00fcm inananlar\u0131n Berat kandillerini tebrik eder, yapaca\u011f\u0131m\u0131z dua ve niyazlar\u0131n kabul g\u00f6rmesini, \u0130slam Aleminin, birlik ve beraberli\u011fine, Aziz Milletimizin ve b\u00fct\u00fcn insanl\u0131\u011f\u0131n bar\u0131\u015f, huzur ve saadetine vesile olmas\u0131n\u0131 Y\u00fcce Allah\u2019tan temenni ve niyaz ederiz&#8221; ifadeleri kullan\u0131ld\u0131.<br \/><\/p>\n","protected":false},"excerpt":{"rendered":"<p>Mu\u011fla\u2019n\u0131n K\u00f6yce\u011fiz il\u00e7esinde Berat Kandili nedeniyle 13 \u015eubat 2025 Per\u015fembe g\u00fcn\u00fcne \u00f6zel programlar d\u00fczenlendi. Berat Kandili vesilesiyle, K\u00f6yce\u011fiz Balc\u0131lar Mahallesi Camiinde per\u015fembe g\u00fcn\u00fc saat 10.30\u2019da bayanlara y\u00f6nelik Kandil \u00f6zel program\u0131, Ak\u015fam namaz\u0131ndan sonra da t\u00fcm cemaate y\u00f6nelik olarak Merkez Hac\u0131bey Camii\u2019nde; Toparlar Mahallesi Ar\u0131kba\u015f\u0131 Camiinde ve yine, Beyobas\u0131 Mahallesi Merkez Camiinde K\u00f6yce\u011fiz\u2019deki t\u00fcm camilerde oldu\u011fu&#8230;<\/p>\n","protected":false},"author":1,"featured_media":17873,"comment_status":"open","ping_status":"open","sticky":false,"template":"","format":"standard","meta":{"_crdt_document":"","footnotes":""},"categories":[1],"tags":[],"class_list":["post-17872","post","type-post","status-publish","format-standard","has-post-thumbnail","hentry","category-guncel"],"_links":{"self":[{"href":"https:\/\/www.egemtv.com\/index.php?rest_route=\/wp\/v2\/posts\/17872","targetHints":{"allow":["GET"]}}],"collection":[{"href":"https:\/\/www.egemtv.com\/index.php?rest_route=\/wp\/v2\/posts"}],"about":[{"href":"https:\/\/www.egemtv.com\/index.php?rest_route=\/wp\/v2\/types\/post"}],"author":[{"embeddable":true,"href":"https:\/\/www.egemtv.com\/index.php?rest_route=\/wp\/v2\/users\/1"}],"replies":[{"embeddable":true,"href":"https:\/\/www.egemtv.com\/index.php?rest_route=%2Fwp%2Fv2%2Fcomments&post=17872"}],"version-history":[{"count":1,"href":"https:\/\/www.egemtv.com\/index.php?rest_route=\/wp\/v2\/posts\/17872\/revisions"}],"predecessor-version":[{"id":17875,"href":"https:\/\/www.egemtv.com\/index.php?rest_route=\/wp\/v2\/posts\/17872\/revisions\/17875"}],"wp:featuredmedia":[{"embeddable":true,"href":"https:\/\/www.egemtv.com\/index.php?rest_route=\/wp\/v2\/media\/17873"}],"wp:attachment":[{"href":"https:\/\/www.egemtv.com\/index.php?rest_route=%2Fwp%2Fv2%2Fmedia&parent=17872"}],"wp:term":[{"taxonomy":"category","embeddable":true,"href":"https:\/\/www.egemtv.com\/index.php?rest_route=%2Fwp%2Fv2%2Fcategories&post=17872"},{"taxonomy":"post_tag","embeddable":true,"href":"https:\/\/www.egemtv.com\/index.php?rest_route=%2Fwp%2Fv2%2Ftags&post=17872"}],"curies":[{"name":"wp","href":"https:\/\/api.w.org\/{rel}","templated":true}]}}