{"id":17866,"date":"2025-02-12T10:52:22","date_gmt":"2025-02-12T07:52:22","guid":{"rendered":"https:\/\/www.egemtv.com\/?p=17866"},"modified":"2025-02-12T10:52:32","modified_gmt":"2025-02-12T07:52:32","slug":"muglada-okul-ve-kurumlarda-yangin-guvenligi-denetimleri-suruyor-2","status":"publish","type":"post","link":"https:\/\/www.egemtv.com\/?p=17866","title":{"rendered":"Mu\u011fla\u2019da okul ve kurumlarda yang\u0131n g\u00fcvenli\u011fi denetimleri s\u00fcr\u00fcyor"},"content":{"rendered":"<p>Mu\u011fla \u0130l Mill\u00ee E\u011fitim M\u00fcd\u00fcrl\u00fc\u011f\u00fc, okul ve kurumlarda yang\u0131n g\u00fcvenli\u011fi denetimlerini s\u00fcrd\u00fcr\u00fcyor. Bu kapsamda, \u0130l Mill\u00ee E\u011fitim M\u00fcd\u00fcr\u00fc Emre \u00c7ay, \u0130\u015f G\u00fcvenli\u011fi Uzman\u0131 ve ekibiyle birlikte Mu\u011fla Gazi Anadolu Lisesi Pansiyonunu ziyaret ederek yang\u0131n g\u00fcvenli\u011fi sistemlerini yerinde inceledi.<\/p>\n<p>Binalar\u0131n Yang\u0131ndan Korunmas\u0131 Hakk\u0131nda Y\u00f6netmelik \u00e7er\u00e7evesinde yap\u0131lan denetimlerde, yang\u0131na kar\u015f\u0131 al\u0131nmas\u0131 gereken \u00f6nleme ve koruma tedbirleri titizlikle de\u011ferlendirildi. Okul idarecileri, eksikliklerin giderilmesi ve gerekli iyile\u015ftirmelerin yap\u0131lmas\u0131 konusunda bilgilendirildi.<\/p>\n<p>\u0130l Mill\u00ee E\u011fitim M\u00fcd\u00fcr\u00fc Emre \u00c7ay, denetim sonras\u0131 \u00f6\u011fle yeme\u011finde \u00f6\u011frencilerle bir araya gelerek onlar\u0131n g\u00f6r\u00fc\u015f, \u00f6neri ve taleplerini dinledi. Samimi sohbetleriyle \u00f6\u011frencilerle yak\u0131ndan ilgilenen \u00c7ay, e\u011fitim s\u00fcre\u00e7leri hakk\u0131nda fikir al\u0131\u015fveri\u015finde bulundu.<br \/>\n<br \/>\u0130l Mill\u00ee E\u011fitim M\u00fcd\u00fcrl\u00fc\u011f\u00fc, okullarda g\u00fcvenli e\u011fitim ortamlar\u0131 olu\u015fturmak amac\u0131yla denetimlerine devam edece\u011fini belirtti.<br \/><\/p>\n","protected":false},"excerpt":{"rendered":"<p>Mu\u011fla \u0130l Mill\u00ee E\u011fitim M\u00fcd\u00fcrl\u00fc\u011f\u00fc, okul ve kurumlarda yang\u0131n g\u00fcvenli\u011fi denetimlerini s\u00fcrd\u00fcr\u00fcyor. Bu kapsamda, \u0130l Mill\u00ee E\u011fitim M\u00fcd\u00fcr\u00fc Emre \u00c7ay, \u0130\u015f G\u00fcvenli\u011fi Uzman\u0131 ve ekibiyle birlikte Mu\u011fla Gazi Anadolu Lisesi Pansiyonunu ziyaret ederek yang\u0131n g\u00fcvenli\u011fi sistemlerini yerinde inceledi. Binalar\u0131n Yang\u0131ndan Korunmas\u0131 Hakk\u0131nda Y\u00f6netmelik \u00e7er\u00e7evesinde yap\u0131lan denetimlerde, yang\u0131na kar\u015f\u0131 al\u0131nmas\u0131 gereken \u00f6nleme ve koruma tedbirleri titizlikle&#8230;<\/p>\n","protected":false},"author":1,"featured_media":17867,"comment_status":"open","ping_status":"open","sticky":false,"template":"","format":"standard","meta":{"_crdt_document":"","footnotes":""},"categories":[1],"tags":[],"class_list":["post-17866","post","type-post","status-publish","format-standard","has-post-thumbnail","hentry","category-guncel"],"_links":{"self":[{"href":"https:\/\/www.egemtv.com\/index.php?rest_route=\/wp\/v2\/posts\/17866","targetHints":{"allow":["GET"]}}],"collection":[{"href":"https:\/\/www.egemtv.com\/index.php?rest_route=\/wp\/v2\/posts"}],"about":[{"href":"https:\/\/www.egemtv.com\/index.php?rest_route=\/wp\/v2\/types\/post"}],"author":[{"embeddable":true,"href":"https:\/\/www.egemtv.com\/index.php?rest_route=\/wp\/v2\/users\/1"}],"replies":[{"embeddable":true,"href":"https:\/\/www.egemtv.com\/index.php?rest_route=%2Fwp%2Fv2%2Fcomments&post=17866"}],"version-history":[{"count":1,"href":"https:\/\/www.egemtv.com\/index.php?rest_route=\/wp\/v2\/posts\/17866\/revisions"}],"predecessor-version":[{"id":17871,"href":"https:\/\/www.egemtv.com\/index.php?rest_route=\/wp\/v2\/posts\/17866\/revisions\/17871"}],"wp:featuredmedia":[{"embeddable":true,"href":"https:\/\/www.egemtv.com\/index.php?rest_route=\/wp\/v2\/media\/17867"}],"wp:attachment":[{"href":"https:\/\/www.egemtv.com\/index.php?rest_route=%2Fwp%2Fv2%2Fmedia&parent=17866"}],"wp:term":[{"taxonomy":"category","embeddable":true,"href":"https:\/\/www.egemtv.com\/index.php?rest_route=%2Fwp%2Fv2%2Fcategories&post=17866"},{"taxonomy":"post_tag","embeddable":true,"href":"https:\/\/www.egemtv.com\/index.php?rest_route=%2Fwp%2Fv2%2Ftags&post=17866"}],"curies":[{"name":"wp","href":"https:\/\/api.w.org\/{rel}","templated":true}]}}