{"id":17857,"date":"2025-02-12T10:52:12","date_gmt":"2025-02-12T07:52:12","guid":{"rendered":"https:\/\/www.egemtv.com\/?p=17857"},"modified":"2025-02-12T10:52:21","modified_gmt":"2025-02-12T07:52:21","slug":"kavakliderenin-73-yillik-sevdasi-genclere-isik-tutuyor","status":"publish","type":"post","link":"https:\/\/www.egemtv.com\/?p=17857","title":{"rendered":"Kavakl\u0131dere\u2019nin 73 y\u0131ll\u0131k sevdas\u0131 gen\u00e7lere \u0131\u015f\u0131k tutuyor"},"content":{"rendered":"<p>Mu\u011fla\u2019n\u0131n Kavakl\u0131dere il\u00e7esinde tam 73 y\u0131ld\u0131r ayn\u0131 yast\u0131\u011fa ba\u015f koyan \u0130zzet ve Fatma Sar\u0131o\u011flu \u00e7ifti, sevgi, sadakat ve sabr\u0131n en g\u00fczel \u00f6rne\u011fini sergileyerek gen\u00e7 nesillere ilham oluyor.<\/p>\n<p>2025 Aile Y\u0131l\u0131 kapsam\u0131nda Kavakl\u0131dere Kaymakaml\u0131\u011f\u0131 taraf\u0131ndan y\u00fcr\u00fct\u00fclen &#8220;Vefa \u00c7\u0131narlar\u0131: Bir \u00d6m\u00fcr El Ele&#8221; projesi \u00e7er\u00e7evesinde, Kavakl\u0131dere Kaymakam\u0131 Ali Argama ve beraberindeki heyet, il\u00e7enin en uzun s\u00fcre evli kalan \u00e7ifti olan Sar\u0131o\u011flu ailesini ziyaret etti. Ziyarette, \u00e7iftin y\u0131llara meydan okuyan evlilikleri kutland\u0131 ve bu anlaml\u0131 birliktelik onurland\u0131r\u0131ld\u0131.<\/p>\n<p>Mutluluklar\u0131n\u0131n s\u0131rr\u0131n\u0131 sab\u0131r, sevgi ve anlay\u0131\u015f olarak \u00f6zetleyen Sar\u0131o\u011flu \u00e7ifti, gen\u00e7lere \u015fu mesaj\u0131 verdi: &#8220;Birbirinizi sevin, sab\u0131rl\u0131 olun. Hayat, payla\u015ft\u0131k\u00e7a g\u00fczelle\u015fir.&#8221;<\/p>\n<p>Kavakl\u0131dere Kaymakaml\u0131\u011f\u0131, aile ba\u011flar\u0131n\u0131 g\u00fc\u00e7lendirmek, ge\u00e7mi\u015ften gelen de\u011ferleri yeni nesillere aktarmak ve &#8220;Aile Y\u0131l\u0131&#8221; kapsam\u0131nda fark\u0131ndal\u0131k olu\u015fturmak amac\u0131yla bu t\u00fcr etkinliklerin devam edece\u011fini belirtti.<br \/><\/p>\n","protected":false},"excerpt":{"rendered":"<p>Mu\u011fla\u2019n\u0131n Kavakl\u0131dere il\u00e7esinde tam 73 y\u0131ld\u0131r ayn\u0131 yast\u0131\u011fa ba\u015f koyan \u0130zzet ve Fatma Sar\u0131o\u011flu \u00e7ifti, sevgi, sadakat ve sabr\u0131n en g\u00fczel \u00f6rne\u011fini sergileyerek gen\u00e7 nesillere ilham oluyor. 2025 Aile Y\u0131l\u0131 kapsam\u0131nda Kavakl\u0131dere Kaymakaml\u0131\u011f\u0131 taraf\u0131ndan y\u00fcr\u00fct\u00fclen &#8220;Vefa \u00c7\u0131narlar\u0131: Bir \u00d6m\u00fcr El Ele&#8221; projesi \u00e7er\u00e7evesinde, Kavakl\u0131dere Kaymakam\u0131 Ali Argama ve beraberindeki heyet, il\u00e7enin en uzun s\u00fcre evli&#8230;<\/p>\n","protected":false},"author":1,"featured_media":17858,"comment_status":"open","ping_status":"open","sticky":false,"template":"","format":"standard","meta":{"_crdt_document":"","footnotes":""},"categories":[1],"tags":[],"class_list":["post-17857","post","type-post","status-publish","format-standard","has-post-thumbnail","hentry","category-guncel"],"_links":{"self":[{"href":"https:\/\/www.egemtv.com\/index.php?rest_route=\/wp\/v2\/posts\/17857","targetHints":{"allow":["GET"]}}],"collection":[{"href":"https:\/\/www.egemtv.com\/index.php?rest_route=\/wp\/v2\/posts"}],"about":[{"href":"https:\/\/www.egemtv.com\/index.php?rest_route=\/wp\/v2\/types\/post"}],"author":[{"embeddable":true,"href":"https:\/\/www.egemtv.com\/index.php?rest_route=\/wp\/v2\/users\/1"}],"replies":[{"embeddable":true,"href":"https:\/\/www.egemtv.com\/index.php?rest_route=%2Fwp%2Fv2%2Fcomments&post=17857"}],"version-history":[{"count":1,"href":"https:\/\/www.egemtv.com\/index.php?rest_route=\/wp\/v2\/posts\/17857\/revisions"}],"predecessor-version":[{"id":17862,"href":"https:\/\/www.egemtv.com\/index.php?rest_route=\/wp\/v2\/posts\/17857\/revisions\/17862"}],"wp:featuredmedia":[{"embeddable":true,"href":"https:\/\/www.egemtv.com\/index.php?rest_route=\/wp\/v2\/media\/17858"}],"wp:attachment":[{"href":"https:\/\/www.egemtv.com\/index.php?rest_route=%2Fwp%2Fv2%2Fmedia&parent=17857"}],"wp:term":[{"taxonomy":"category","embeddable":true,"href":"https:\/\/www.egemtv.com\/index.php?rest_route=%2Fwp%2Fv2%2Fcategories&post=17857"},{"taxonomy":"post_tag","embeddable":true,"href":"https:\/\/www.egemtv.com\/index.php?rest_route=%2Fwp%2Fv2%2Ftags&post=17857"}],"curies":[{"name":"wp","href":"https:\/\/api.w.org\/{rel}","templated":true}]}}