{"id":17846,"date":"2025-02-12T10:47:12","date_gmt":"2025-02-12T07:47:12","guid":{"rendered":"https:\/\/www.egemtv.com\/?p=17846"},"modified":"2025-02-12T10:47:18","modified_gmt":"2025-02-12T07:47:18","slug":"akhisarda-calinip-bigadicte-satilan-buzagilar-sahibine-teslim-edildi","status":"publish","type":"post","link":"https:\/\/www.egemtv.com\/?p=17846","title":{"rendered":"Akhisar\u2019da \u00e7al\u0131n\u0131p Bigadi\u00e7\u2019te sat\u0131lan buza\u011f\u0131lar sahibine teslim edildi"},"content":{"rendered":"<p>Manisa\u2019n\u0131n Akhisar il\u00e7esinde \u00e7al\u0131nan 3 buza\u011f\u0131 jandarman\u0131n titiz \u00e7al\u0131\u015fmas\u0131 sonucu Bal\u0131kesir\u2019in Bigadi\u00e7 il\u00e7esinde bulundu. Olayla ilgili 2 ki\u015fi g\u00f6zalt\u0131na al\u0131n\u0131rken, \u00e7al\u0131nan buza\u011f\u0131lar sahibine teslim edildi. Bir \u015fahs\u0131n da arand\u0131\u011f\u0131 bildirildi.<br \/>\n<br \/>Manisa\u2019n\u0131n Akhisar il\u00e7esi \u0130saca Mahallesinde 10 \u015eubat Pazartesi ak\u015fam\u0131 E.O. isimli \u00fcretici gece saatlerinde a\u011f\u0131l\u0131ndan 3 adet buza\u011f\u0131n\u0131n \u00e7al\u0131nd\u0131\u011f\u0131n\u0131 jandarmaya ihbar etti. Gelen ihbar\u0131n ard\u0131ndan olay\u0131n faillerinin yakalanmas\u0131 i\u00e7in jandarma taraf\u0131ndan JASAT ekibi g\u00f6revlendirilerek olay yeri \u00e7evresindeki kamera kay\u0131tlar\u0131 titizlikle incelendi. Yap\u0131lan incelemede olayda kullan\u0131lan iki arac\u0131n Bal\u0131kesir istikametine gitti\u011fini tespit eden ekipler, ara\u00e7lardan birinin sahibi olan S.A. (E\/31) adl\u0131 \u015fahs\u0131 S\u0131nd\u0131rg\u0131 il\u00e7esindeki adresinde yakalad\u0131. Sorguya al\u0131nan S.A., su\u00e7u N.A. (E\/55) ve \u0130.B. (E\/39) adl\u0131 \u015fah\u0131slarla birlikte ger\u00e7ekle\u015ftirdiklerini ve \u00e7al\u0131nan hayvanlar\u0131n N.A. taraf\u0131ndan sat\u0131lmak \u00fczere Bigadi\u00e7\u2019e g\u00f6t\u00fcr\u00fcld\u00fc\u011f\u00fcn\u00fc itiraf etti.<br \/>\n<br \/>Bigadi\u00e7\u2019e hayvanlar\u0131 sat\u0131n alan \u015fah\u0131slarla g\u00f6r\u00fc\u015fen jandarma ekipleri, \u015fah\u0131slar\u0131n hayvanlar\u0131n h\u0131rs\u0131zl\u0131k mal\u0131 oldu\u011funu bilmediklerini ve r\u0131zalar\u0131yla teslim etmek istediklerini belirtmesi \u00fczerine \u00e7al\u0131nan 3 b\u00fcy\u00fckba\u015f hayvan\u0131, olay\u0131n ma\u011fduru olan Akhisar\u2019daki E.O.ya teslim etti.<br \/>\n<br \/>\u015e\u00fcpheli S.A. ve \u0130.B. Akhisar Cumhuriyet Ba\u015fsavc\u0131l\u0131\u011f\u0131na sevk edilmek \u00fczere g\u00f6zalt\u0131na al\u0131n\u0131rken, N.A. isimli \u015fahs\u0131n ise yakalama \u00e7al\u0131\u015fmalar\u0131na devam edildi\u011fi a\u00e7\u0131kland\u0131.<br \/><\/p>\n","protected":false},"excerpt":{"rendered":"<p>Manisa\u2019n\u0131n Akhisar il\u00e7esinde \u00e7al\u0131nan 3 buza\u011f\u0131 jandarman\u0131n titiz \u00e7al\u0131\u015fmas\u0131 sonucu Bal\u0131kesir\u2019in Bigadi\u00e7 il\u00e7esinde bulundu. Olayla ilgili 2 ki\u015fi g\u00f6zalt\u0131na al\u0131n\u0131rken, \u00e7al\u0131nan buza\u011f\u0131lar sahibine teslim edildi. Bir \u015fahs\u0131n da arand\u0131\u011f\u0131 bildirildi. Manisa\u2019n\u0131n Akhisar il\u00e7esi \u0130saca Mahallesinde 10 \u015eubat Pazartesi ak\u015fam\u0131 E.O. isimli \u00fcretici gece saatlerinde a\u011f\u0131l\u0131ndan 3 adet buza\u011f\u0131n\u0131n \u00e7al\u0131nd\u0131\u011f\u0131n\u0131 jandarmaya ihbar etti. Gelen ihbar\u0131n ard\u0131ndan&#8230;<\/p>\n","protected":false},"author":1,"featured_media":17847,"comment_status":"open","ping_status":"open","sticky":false,"template":"","format":"standard","meta":{"_crdt_document":"","footnotes":""},"categories":[5],"tags":[],"class_list":["post-17846","post","type-post","status-publish","format-standard","has-post-thumbnail","hentry","category-asayis"],"_links":{"self":[{"href":"https:\/\/www.egemtv.com\/index.php?rest_route=\/wp\/v2\/posts\/17846","targetHints":{"allow":["GET"]}}],"collection":[{"href":"https:\/\/www.egemtv.com\/index.php?rest_route=\/wp\/v2\/posts"}],"about":[{"href":"https:\/\/www.egemtv.com\/index.php?rest_route=\/wp\/v2\/types\/post"}],"author":[{"embeddable":true,"href":"https:\/\/www.egemtv.com\/index.php?rest_route=\/wp\/v2\/users\/1"}],"replies":[{"embeddable":true,"href":"https:\/\/www.egemtv.com\/index.php?rest_route=%2Fwp%2Fv2%2Fcomments&post=17846"}],"version-history":[{"count":1,"href":"https:\/\/www.egemtv.com\/index.php?rest_route=\/wp\/v2\/posts\/17846\/revisions"}],"predecessor-version":[{"id":17848,"href":"https:\/\/www.egemtv.com\/index.php?rest_route=\/wp\/v2\/posts\/17846\/revisions\/17848"}],"wp:featuredmedia":[{"embeddable":true,"href":"https:\/\/www.egemtv.com\/index.php?rest_route=\/wp\/v2\/media\/17847"}],"wp:attachment":[{"href":"https:\/\/www.egemtv.com\/index.php?rest_route=%2Fwp%2Fv2%2Fmedia&parent=17846"}],"wp:term":[{"taxonomy":"category","embeddable":true,"href":"https:\/\/www.egemtv.com\/index.php?rest_route=%2Fwp%2Fv2%2Fcategories&post=17846"},{"taxonomy":"post_tag","embeddable":true,"href":"https:\/\/www.egemtv.com\/index.php?rest_route=%2Fwp%2Fv2%2Ftags&post=17846"}],"curies":[{"name":"wp","href":"https:\/\/api.w.org\/{rel}","templated":true}]}}