{"id":17834,"date":"2025-02-12T10:38:54","date_gmt":"2025-02-12T07:38:54","guid":{"rendered":"https:\/\/www.egemtv.com\/?p=17834"},"modified":"2025-02-12T10:38:59","modified_gmt":"2025-02-12T07:38:59","slug":"mentesede-yangin-ve-gida-denetimleri-devam-ediyor","status":"publish","type":"post","link":"https:\/\/www.egemtv.com\/?p=17834","title":{"rendered":"Mente\u015fe\u2019de yang\u0131n ve g\u0131da denetimleri devam ediyor"},"content":{"rendered":"<p>Mente\u015fe Belediyesi ve Mu\u011fla B\u00fcy\u00fck\u015fehir Belediyesi i\u015f birli\u011fiyle, il\u00e7edeki umuma a\u00e7\u0131k istirahat ve e\u011flence yerleri ile konaklama tesislerinde yang\u0131n g\u00fcvenli\u011fi ve hijyen denetimleri aral\u0131ks\u0131z s\u00fcrd\u00fcr\u00fcl\u00fcyor.<br \/>\n<br \/>Mu\u011fla B\u00fcy\u00fck\u015fehir Belediyesi \u0130tfaiye Daire Ba\u015fkanl\u0131\u011f\u0131 ve Mente\u015fe Belediyesi Zab\u0131ta ekiplerinin ortakla\u015fa y\u00fcr\u00fctt\u00fc\u011f\u00fc denetimlerde, i\u015fyeri a\u00e7ma ve \u00e7al\u0131\u015fma ruhsatlar\u0131 ile binalar\u0131n yang\u0131ndan korunmas\u0131 hakk\u0131ndaki y\u00f6netmelik kapsam\u0131nda kontroller ger\u00e7ekle\u015ftiriliyor. Mente\u015fe Belediye Ba\u015fkan\u0131, \u015eehir Planc\u0131s\u0131 Gonca K\u00f6ksal, yap\u0131lan denetimlerle ilgili olarak \u015fu a\u00e7\u0131klamada bulundu: &#8220;Halk\u0131m\u0131z\u0131n sa\u011fl\u0131kl\u0131 g\u0131da t\u00fcketmesi ve mutfa\u011f\u0131 olan i\u015fletmelerin hijyen kurallar\u0131na uygun \u015fekilde hizmet vermesi b\u00fcy\u00fck \u00f6nem ta\u015f\u0131yor. Bu do\u011frultuda belediyemizin Zab\u0131ta M\u00fcd\u00fcrl\u00fc\u011f\u00fc, il\u00e7emizdeki i\u015fletmeler ile otel ve konaklama tesislerinde denetimlerini aral\u0131ks\u0131z s\u00fcrd\u00fcr\u00fcyor. Bu kapsamda Mu\u011fla B\u00fcy\u00fck\u015fehir Belediyemizin \u0130tfaiye Daire Ba\u015fkanl\u0131\u011f\u0131 ile ortak bir denetim ger\u00e7ekle\u015ftirdik. Denetimlerde, otel ve konaklama tesislerinin yang\u0131ndan korunmas\u0131 y\u00f6netmeli\u011fine uygun olup olmad\u0131\u011f\u0131n\u0131 kontrol ediyor, i\u015fletmelerin hijyen kurallar\u0131na uyumunu, g\u0131dalar\u0131n son kullanma tarihlerini ve muhafaza \u015fartlar\u0131n\u0131 da titizlikle inceliyoruz. Denetimler sonucunda eksiklik tespit edilen i\u015fletmelere tebligat g\u00f6ndererek, gerekli d\u00fczenlemeleri bir an \u00f6nce yapmalar\u0131n\u0131 talep ediyoruz. Tesislerde al\u0131nacak yang\u0131n \u00f6nlemleri, vatanda\u015flar\u0131m\u0131z\u0131n g\u00fcvenli\u011fi a\u00e7\u0131s\u0131ndan hayati \u00f6nem ta\u015f\u0131yor. Denetimlerimize devam edece\u011fiz&#8221;<br \/><\/p>\n","protected":false},"excerpt":{"rendered":"<p>Mente\u015fe Belediyesi ve Mu\u011fla B\u00fcy\u00fck\u015fehir Belediyesi i\u015f birli\u011fiyle, il\u00e7edeki umuma a\u00e7\u0131k istirahat ve e\u011flence yerleri ile konaklama tesislerinde yang\u0131n g\u00fcvenli\u011fi ve hijyen denetimleri aral\u0131ks\u0131z s\u00fcrd\u00fcr\u00fcl\u00fcyor. Mu\u011fla B\u00fcy\u00fck\u015fehir Belediyesi \u0130tfaiye Daire Ba\u015fkanl\u0131\u011f\u0131 ve Mente\u015fe Belediyesi Zab\u0131ta ekiplerinin ortakla\u015fa y\u00fcr\u00fctt\u00fc\u011f\u00fc denetimlerde, i\u015fyeri a\u00e7ma ve \u00e7al\u0131\u015fma ruhsatlar\u0131 ile binalar\u0131n yang\u0131ndan korunmas\u0131 hakk\u0131ndaki y\u00f6netmelik kapsam\u0131nda kontroller ger\u00e7ekle\u015ftiriliyor. Mente\u015fe Belediye&#8230;<\/p>\n","protected":false},"author":1,"featured_media":17835,"comment_status":"open","ping_status":"open","sticky":false,"template":"","format":"standard","meta":{"_crdt_document":"","footnotes":""},"categories":[2],"tags":[],"class_list":["post-17834","post","type-post","status-publish","format-standard","has-post-thumbnail","hentry","category-saglik"],"_links":{"self":[{"href":"https:\/\/www.egemtv.com\/index.php?rest_route=\/wp\/v2\/posts\/17834","targetHints":{"allow":["GET"]}}],"collection":[{"href":"https:\/\/www.egemtv.com\/index.php?rest_route=\/wp\/v2\/posts"}],"about":[{"href":"https:\/\/www.egemtv.com\/index.php?rest_route=\/wp\/v2\/types\/post"}],"author":[{"embeddable":true,"href":"https:\/\/www.egemtv.com\/index.php?rest_route=\/wp\/v2\/users\/1"}],"replies":[{"embeddable":true,"href":"https:\/\/www.egemtv.com\/index.php?rest_route=%2Fwp%2Fv2%2Fcomments&post=17834"}],"version-history":[{"count":1,"href":"https:\/\/www.egemtv.com\/index.php?rest_route=\/wp\/v2\/posts\/17834\/revisions"}],"predecessor-version":[{"id":17836,"href":"https:\/\/www.egemtv.com\/index.php?rest_route=\/wp\/v2\/posts\/17834\/revisions\/17836"}],"wp:featuredmedia":[{"embeddable":true,"href":"https:\/\/www.egemtv.com\/index.php?rest_route=\/wp\/v2\/media\/17835"}],"wp:attachment":[{"href":"https:\/\/www.egemtv.com\/index.php?rest_route=%2Fwp%2Fv2%2Fmedia&parent=17834"}],"wp:term":[{"taxonomy":"category","embeddable":true,"href":"https:\/\/www.egemtv.com\/index.php?rest_route=%2Fwp%2Fv2%2Fcategories&post=17834"},{"taxonomy":"post_tag","embeddable":true,"href":"https:\/\/www.egemtv.com\/index.php?rest_route=%2Fwp%2Fv2%2Ftags&post=17834"}],"curies":[{"name":"wp","href":"https:\/\/api.w.org\/{rel}","templated":true}]}}