{"id":17831,"date":"2025-02-12T10:20:50","date_gmt":"2025-02-12T07:20:50","guid":{"rendered":"https:\/\/www.egemtv.com\/?p=17831"},"modified":"2025-02-12T10:20:52","modified_gmt":"2025-02-12T07:20:52","slug":"aydinda-318-bayi-denetimden-gecti","status":"publish","type":"post","link":"https:\/\/www.egemtv.com\/?p=17831","title":{"rendered":"Ayd\u0131n\u2019da 318 bayi denetimden ge\u00e7ti"},"content":{"rendered":"<p>T\u00fcrkiye genelindeki 81 ilde e\u015f zamanl\u0131 olarak ger\u00e7ekle\u015ftirilen g\u00fcbre denetim seferberli\u011fi kapsam\u0131nda il genelindeki 318 bayiyi denetleyen Ayd\u0131n \u0130l Tar\u0131m ve Orman M\u00fcd\u00fcrl\u00fc\u011f\u00fc; g\u00fcbrelerin i\u00e7erik ve etiket kontrollerini ger\u00e7ekle\u015ftirerek toplamda 14 i\u00e7erik numunesi al\u0131p, 577 etiket kontrol\u00fc yapt\u0131.<\/p>\n<p>T\u00fcm T\u00fcrkiye\u2019de oldu\u011fu gibi Ayd\u0131n\u2019daki g\u00fcbre denetimleri de, \u00fcreticilerin kaliteli ve g\u00fcvenilir g\u00fcbreye ula\u015fmalar\u0131n\u0131 sa\u011flamak amac\u0131yla ger\u00e7ekle\u015ftirildi. Tar\u0131m ve Orman M\u00fcd\u00fcrl\u00fc\u011f\u00fc ekipleri yap\u0131lan denetimlerin, g\u00fcbre sekt\u00f6r\u00fcndeki haks\u0131z rekabeti engellemek ve \u00e7ift\u00e7ilerin sa\u011fl\u0131kl\u0131 \u00fcr\u00fcnler yeti\u015ftirmelerini desteklemek i\u00e7in b\u00fcy\u00fck \u00f6nem ta\u015f\u0131d\u0131\u011f\u0131n\u0131 belirtti. Denetimlerde g\u00fcbrelerin etikette belirtilen i\u00e7eriklerle uyumlulu\u011fu, kalite standartlar\u0131 ve bayilerin yasal gerekliliklere uygunlu\u011fu gibi fakt\u00f6rler dikkate al\u0131nd\u0131. Denetimlerle ilgili Ayd\u0131n \u0130l Tar\u0131m ve Orman M\u00fcd\u00fcrl\u00fc\u011f\u00fc\u2019nden yap\u0131lan a\u00e7\u0131klamada, &#8220;\u00dcreticilerimizin g\u00fcvenilir ve kaliteli g\u00fcbreye ula\u015fmalar\u0131 i\u00e7in kontrollerimiz aral\u0131ks\u0131z devam etmektedir&#8221; ifadelerine yer verildi.<br \/><\/p>\n","protected":false},"excerpt":{"rendered":"<p>T\u00fcrkiye genelindeki 81 ilde e\u015f zamanl\u0131 olarak ger\u00e7ekle\u015ftirilen g\u00fcbre denetim seferberli\u011fi kapsam\u0131nda il genelindeki 318 bayiyi denetleyen Ayd\u0131n \u0130l Tar\u0131m ve Orman M\u00fcd\u00fcrl\u00fc\u011f\u00fc; g\u00fcbrelerin i\u00e7erik ve etiket kontrollerini ger\u00e7ekle\u015ftirerek toplamda 14 i\u00e7erik numunesi al\u0131p, 577 etiket kontrol\u00fc yapt\u0131. T\u00fcm T\u00fcrkiye\u2019de oldu\u011fu gibi Ayd\u0131n\u2019daki g\u00fcbre denetimleri de, \u00fcreticilerin kaliteli ve g\u00fcvenilir g\u00fcbreye ula\u015fmalar\u0131n\u0131 sa\u011flamak amac\u0131yla ger\u00e7ekle\u015ftirildi&#8230;.<\/p>\n","protected":false},"author":1,"featured_media":17832,"comment_status":"open","ping_status":"open","sticky":false,"template":"","format":"standard","meta":{"_crdt_document":"","footnotes":""},"categories":[1],"tags":[],"class_list":["post-17831","post","type-post","status-publish","format-standard","has-post-thumbnail","hentry","category-guncel"],"_links":{"self":[{"href":"https:\/\/www.egemtv.com\/index.php?rest_route=\/wp\/v2\/posts\/17831","targetHints":{"allow":["GET"]}}],"collection":[{"href":"https:\/\/www.egemtv.com\/index.php?rest_route=\/wp\/v2\/posts"}],"about":[{"href":"https:\/\/www.egemtv.com\/index.php?rest_route=\/wp\/v2\/types\/post"}],"author":[{"embeddable":true,"href":"https:\/\/www.egemtv.com\/index.php?rest_route=\/wp\/v2\/users\/1"}],"replies":[{"embeddable":true,"href":"https:\/\/www.egemtv.com\/index.php?rest_route=%2Fwp%2Fv2%2Fcomments&post=17831"}],"version-history":[{"count":1,"href":"https:\/\/www.egemtv.com\/index.php?rest_route=\/wp\/v2\/posts\/17831\/revisions"}],"predecessor-version":[{"id":17833,"href":"https:\/\/www.egemtv.com\/index.php?rest_route=\/wp\/v2\/posts\/17831\/revisions\/17833"}],"wp:featuredmedia":[{"embeddable":true,"href":"https:\/\/www.egemtv.com\/index.php?rest_route=\/wp\/v2\/media\/17832"}],"wp:attachment":[{"href":"https:\/\/www.egemtv.com\/index.php?rest_route=%2Fwp%2Fv2%2Fmedia&parent=17831"}],"wp:term":[{"taxonomy":"category","embeddable":true,"href":"https:\/\/www.egemtv.com\/index.php?rest_route=%2Fwp%2Fv2%2Fcategories&post=17831"},{"taxonomy":"post_tag","embeddable":true,"href":"https:\/\/www.egemtv.com\/index.php?rest_route=%2Fwp%2Fv2%2Ftags&post=17831"}],"curies":[{"name":"wp","href":"https:\/\/api.w.org\/{rel}","templated":true}]}}