{"id":17828,"date":"2025-02-12T10:08:24","date_gmt":"2025-02-12T07:08:24","guid":{"rendered":"https:\/\/www.egemtv.com\/?p=17828"},"modified":"2025-02-12T10:08:30","modified_gmt":"2025-02-12T07:08:30","slug":"huzurevinde-afet-aninda-tahliye-egitimi-verildi","status":"publish","type":"post","link":"https:\/\/www.egemtv.com\/?p=17828","title":{"rendered":"Huzurevinde afet an\u0131nda tahliye e\u011fitimi verildi"},"content":{"rendered":"<p>Ayd\u0131n\u2019\u0131n Nazilli il\u00e7esinde huzurevi sakinleri ve personellerine afet an\u0131nda tahliye e\u011fitimi verildi.<\/p>\n<p>AFAD Ayd\u0131n \u0130l M\u00fcd\u00fcrl\u00fc\u011f\u00fc ekipleri, Ayd\u0131n il genelindeki \u00e7e\u015fitli kurumlarda afet ve yang\u0131n fark\u0131ndal\u0131k e\u011fitim ve tatbikatlar\u0131na devam ediyor. Kent genelinde verdi\u011fi e\u011fitimlerle vatanda\u015flar\u0131n afet ve yang\u0131n durumlar\u0131na kar\u015f\u0131 daha haz\u0131rl\u0131kl\u0131 olmalar\u0131n\u0131 sa\u011flamay\u0131 ama\u00e7layan ekipler, son olarak Nazilli il\u00e7esinde e\u011fitim verdi. Nazilli Haluk Al\u0131c\u0131k Huzurevi sakinleri ve personelleri ile bir araya gelen AFAD Ayd\u0131n \u0130l M\u00fcd\u00fcrl\u00fc\u011f\u00fc ekipleri kat\u0131l\u0131mc\u0131lara e\u011fitim verdi. E\u011fitimlerde, afet durumlar\u0131nda do\u011fru hareket etme, g\u00fcvenli tahliye yollar\u0131 ve yang\u0131n g\u00fcvenli\u011fi \u00f6nlemleri gibi kritik konulara de\u011finildi. Kat\u0131l\u0131mc\u0131lara yang\u0131n s\u00f6nd\u00fcrme y\u00f6ntemleri, tahliye teknikleri ve ilk yard\u0131m bilgileri aktar\u0131ld\u0131. E\u011fitimin ard\u0131ndan ise afet an\u0131nda tahliyenin sa\u011fl\u0131kl\u0131 ve g\u00fcvenli bir \u015fekilde yap\u0131lmas\u0131 hedefiyle tatbikat ger\u00e7ekle\u015ftirildi.<br \/><\/p>\n","protected":false},"excerpt":{"rendered":"<p>Ayd\u0131n\u2019\u0131n Nazilli il\u00e7esinde huzurevi sakinleri ve personellerine afet an\u0131nda tahliye e\u011fitimi verildi. AFAD Ayd\u0131n \u0130l M\u00fcd\u00fcrl\u00fc\u011f\u00fc ekipleri, Ayd\u0131n il genelindeki \u00e7e\u015fitli kurumlarda afet ve yang\u0131n fark\u0131ndal\u0131k e\u011fitim ve tatbikatlar\u0131na devam ediyor. Kent genelinde verdi\u011fi e\u011fitimlerle vatanda\u015flar\u0131n afet ve yang\u0131n durumlar\u0131na kar\u015f\u0131 daha haz\u0131rl\u0131kl\u0131 olmalar\u0131n\u0131 sa\u011flamay\u0131 ama\u00e7layan ekipler, son olarak Nazilli il\u00e7esinde e\u011fitim verdi. Nazilli Haluk&#8230;<\/p>\n","protected":false},"author":1,"featured_media":17829,"comment_status":"open","ping_status":"open","sticky":false,"template":"","format":"standard","meta":{"_crdt_document":"","footnotes":""},"categories":[1],"tags":[],"class_list":["post-17828","post","type-post","status-publish","format-standard","has-post-thumbnail","hentry","category-guncel"],"_links":{"self":[{"href":"https:\/\/www.egemtv.com\/index.php?rest_route=\/wp\/v2\/posts\/17828","targetHints":{"allow":["GET"]}}],"collection":[{"href":"https:\/\/www.egemtv.com\/index.php?rest_route=\/wp\/v2\/posts"}],"about":[{"href":"https:\/\/www.egemtv.com\/index.php?rest_route=\/wp\/v2\/types\/post"}],"author":[{"embeddable":true,"href":"https:\/\/www.egemtv.com\/index.php?rest_route=\/wp\/v2\/users\/1"}],"replies":[{"embeddable":true,"href":"https:\/\/www.egemtv.com\/index.php?rest_route=%2Fwp%2Fv2%2Fcomments&post=17828"}],"version-history":[{"count":1,"href":"https:\/\/www.egemtv.com\/index.php?rest_route=\/wp\/v2\/posts\/17828\/revisions"}],"predecessor-version":[{"id":17830,"href":"https:\/\/www.egemtv.com\/index.php?rest_route=\/wp\/v2\/posts\/17828\/revisions\/17830"}],"wp:featuredmedia":[{"embeddable":true,"href":"https:\/\/www.egemtv.com\/index.php?rest_route=\/wp\/v2\/media\/17829"}],"wp:attachment":[{"href":"https:\/\/www.egemtv.com\/index.php?rest_route=%2Fwp%2Fv2%2Fmedia&parent=17828"}],"wp:term":[{"taxonomy":"category","embeddable":true,"href":"https:\/\/www.egemtv.com\/index.php?rest_route=%2Fwp%2Fv2%2Fcategories&post=17828"},{"taxonomy":"post_tag","embeddable":true,"href":"https:\/\/www.egemtv.com\/index.php?rest_route=%2Fwp%2Fv2%2Ftags&post=17828"}],"curies":[{"name":"wp","href":"https:\/\/api.w.org\/{rel}","templated":true}]}}