{"id":17822,"date":"2025-02-12T09:58:54","date_gmt":"2025-02-12T06:58:54","guid":{"rendered":"https:\/\/www.egemtv.com\/?p=17822"},"modified":"2025-02-12T09:59:01","modified_gmt":"2025-02-12T06:59:01","slug":"cinede-orman-yanginlarina-mudahale-icin-egitim-programi-duzenlendi","status":"publish","type":"post","link":"https:\/\/www.egemtv.com\/?p=17822","title":{"rendered":"\u00c7ine\u2019de orman yang\u0131nlar\u0131na m\u00fcdahale i\u00e7in e\u011fitim program\u0131 d\u00fczenlendi"},"content":{"rendered":"<p>Ayd\u0131n\u2019\u0131n \u00c7ine il\u00e7esinde orman yang\u0131nlar\u0131na m\u00fcdahalede kurumlar aras\u0131 e\u015fg\u00fcd\u00fcm sa\u011flamak amac\u0131yla bir e\u011fitim \u00e7al\u0131\u015fmas\u0131 ger\u00e7ekle\u015ftirildi.<\/p>\n<p>Mu\u011fla Orman B\u00f6lge M\u00fcd\u00fcrl\u00fc\u011f\u00fc sorumluluk b\u00f6lgelerinde ger\u00e7ekle\u015ftirdi\u011fi e\u011fitim \u00e7al\u0131\u015fmalar\u0131 ile b\u00f6lgedeki t\u00fcm kurumlar\u0131n orman yang\u0131nlar\u0131na kar\u015f\u0131 daha g\u00fc\u00e7l\u00fc ve uyumlu bir \u015fekilde m\u00fcdahale etmesini sa\u011flayarak, yang\u0131n felaketlerinin \u00f6nlenmesine katk\u0131 sa\u011flamay\u0131 hedefliyor. Bu \u00e7er\u00e7evede \u00c7ine Orman \u0130\u015fletme M\u00fcd\u00fcrl\u00fc\u011f\u00fc personeli, Ayd\u0131n B\u00fcy\u00fck\u015fehir Belediyesi \u0130tfaiye Daire Ba\u015fkanl\u0131\u011f\u0131 \u00c7ine \u0130tfaiye Amirli\u011fi ekipleri ile bulu\u015ftu. E\u011fitimde, orman yang\u0131nlar\u0131yla m\u00fccadelede etkin i\u015fbirli\u011finin \u00f6nemine dikkat \u00e7ekildi ve kat\u0131l\u0131mc\u0131lara yang\u0131nlara m\u00fcdahale teknikleri, g\u00fcvenlik \u00f6nlemleri ve h\u0131zl\u0131 koordinasyonun nas\u0131l sa\u011flanaca\u011f\u0131 konusunda bilgi verildi.<\/p>\n<p>\u00c7ine Orman \u0130\u015fletme M\u00fcd\u00fcrl\u00fc\u011f\u00fc ekipleri, e\u011fitimlerin ilgili ekiplerin orman yang\u0131nlar\u0131na kar\u015f\u0131 haz\u0131rl\u0131kl\u0131 olmalar\u0131n\u0131 sa\u011flad\u0131\u011f\u0131n\u0131 belirterek, ekiplerin h\u0131zl\u0131 ve etkin bir \u015fekilde m\u00fcdahale edebilmesi i\u00e7in d\u00fczenli olarak bu t\u00fcr programlar\u0131n yap\u0131lmas\u0131n\u0131n \u00f6nemine de\u011findi.<br \/><\/p>\n","protected":false},"excerpt":{"rendered":"<p>Ayd\u0131n\u2019\u0131n \u00c7ine il\u00e7esinde orman yang\u0131nlar\u0131na m\u00fcdahalede kurumlar aras\u0131 e\u015fg\u00fcd\u00fcm sa\u011flamak amac\u0131yla bir e\u011fitim \u00e7al\u0131\u015fmas\u0131 ger\u00e7ekle\u015ftirildi. Mu\u011fla Orman B\u00f6lge M\u00fcd\u00fcrl\u00fc\u011f\u00fc sorumluluk b\u00f6lgelerinde ger\u00e7ekle\u015ftirdi\u011fi e\u011fitim \u00e7al\u0131\u015fmalar\u0131 ile b\u00f6lgedeki t\u00fcm kurumlar\u0131n orman yang\u0131nlar\u0131na kar\u015f\u0131 daha g\u00fc\u00e7l\u00fc ve uyumlu bir \u015fekilde m\u00fcdahale etmesini sa\u011flayarak, yang\u0131n felaketlerinin \u00f6nlenmesine katk\u0131 sa\u011flamay\u0131 hedefliyor. Bu \u00e7er\u00e7evede \u00c7ine Orman \u0130\u015fletme M\u00fcd\u00fcrl\u00fc\u011f\u00fc personeli, Ayd\u0131n B\u00fcy\u00fck\u015fehir&#8230;<\/p>\n","protected":false},"author":1,"featured_media":17823,"comment_status":"open","ping_status":"open","sticky":false,"template":"","format":"standard","meta":{"_crdt_document":"","footnotes":""},"categories":[1],"tags":[],"class_list":["post-17822","post","type-post","status-publish","format-standard","has-post-thumbnail","hentry","category-guncel"],"_links":{"self":[{"href":"https:\/\/www.egemtv.com\/index.php?rest_route=\/wp\/v2\/posts\/17822","targetHints":{"allow":["GET"]}}],"collection":[{"href":"https:\/\/www.egemtv.com\/index.php?rest_route=\/wp\/v2\/posts"}],"about":[{"href":"https:\/\/www.egemtv.com\/index.php?rest_route=\/wp\/v2\/types\/post"}],"author":[{"embeddable":true,"href":"https:\/\/www.egemtv.com\/index.php?rest_route=\/wp\/v2\/users\/1"}],"replies":[{"embeddable":true,"href":"https:\/\/www.egemtv.com\/index.php?rest_route=%2Fwp%2Fv2%2Fcomments&post=17822"}],"version-history":[{"count":1,"href":"https:\/\/www.egemtv.com\/index.php?rest_route=\/wp\/v2\/posts\/17822\/revisions"}],"predecessor-version":[{"id":17824,"href":"https:\/\/www.egemtv.com\/index.php?rest_route=\/wp\/v2\/posts\/17822\/revisions\/17824"}],"wp:featuredmedia":[{"embeddable":true,"href":"https:\/\/www.egemtv.com\/index.php?rest_route=\/wp\/v2\/media\/17823"}],"wp:attachment":[{"href":"https:\/\/www.egemtv.com\/index.php?rest_route=%2Fwp%2Fv2%2Fmedia&parent=17822"}],"wp:term":[{"taxonomy":"category","embeddable":true,"href":"https:\/\/www.egemtv.com\/index.php?rest_route=%2Fwp%2Fv2%2Fcategories&post=17822"},{"taxonomy":"post_tag","embeddable":true,"href":"https:\/\/www.egemtv.com\/index.php?rest_route=%2Fwp%2Fv2%2Ftags&post=17822"}],"curies":[{"name":"wp","href":"https:\/\/api.w.org\/{rel}","templated":true}]}}