{"id":17819,"date":"2025-02-12T09:58:44","date_gmt":"2025-02-12T06:58:44","guid":{"rendered":"https:\/\/www.egemtv.com\/?p=17819"},"modified":"2025-02-12T09:58:53","modified_gmt":"2025-02-12T06:58:53","slug":"metin-ustundagin-karikatur-sergisi-sanatseverlerle-bulusuyor","status":"publish","type":"post","link":"https:\/\/www.egemtv.com\/?p=17819","title":{"rendered":"Metin \u00dcst\u00fcnda\u011f\u2019\u0131n karikat\u00fcr sergisi sanatseverlerle bulu\u015fuyor"},"content":{"rendered":"<p>T\u00fcrk mizah ve karikat\u00fcr sanat\u0131n\u0131n usta isimlerinden Metin \u00dcst\u00fcnda\u011f, &#8220;A\u015fk \u0130ki Ki\u015fiyle Oynan\u0131r, \u0130yi Olan Kaybeder&#8221; isimli karikat\u00fcr sergisi ile 14-20 \u015eubat tarihleri aras\u0131nda Denizlili sanatseverlerin kar\u015f\u0131s\u0131na \u00e7\u0131k\u0131yor.<br \/>\n<br \/>Denizli B\u00fcy\u00fck\u015fehir Belediyesi taraf\u0131ndan d\u00fczenlenen ve Metin \u00dcst\u00fcnda\u011f\u2019\u0131n karikat\u00fcrlerinin sergilenece\u011fi  &#8220;A\u015fk \u0130ki Ki\u015fiyle Oynan\u0131r, \u0130yi Olan Kaybeder&#8221; ba\u015fl\u0131kl\u0131 sergi, 14 \u015eubat Cuma g\u00fcn\u00fc saat 17.30\u2019da Turan Bahad\u0131r Sanat Galerisi\u2019nde a\u00e7\u0131lacak. \u00c7ar\u015faf ve G\u0131rg\u0131r dergileriyle ba\u015flad\u0131\u011f\u0131 sanat hayat\u0131nda Limon, Leman, Nank\u00f6r, Deli, \u00d6k\u00fcz, OT ve Penguen gibi \u00f6nemli mizah dergilerinin kurulu\u015funda yer alan \u00dcst\u00fcnda\u011f, eserlerinde mizah\u0131 derin toplumsal g\u00f6zlemlerle birle\u015ftiriyor. Sanat\u00e7\u0131n\u0131n karikat\u00fcrlerinin yan\u0131 s\u0131ra edebiyat ve g\u00f6rsel sanatlarla kurdu\u011fu ba\u011f da sergide izleyicilere yans\u0131t\u0131lacak. Sergi a\u00e7\u0131l\u0131\u015f\u0131 14 \u015eubat Sevgililer G\u00fcn\u00fc\u2019ne denk gelirken, sanat\u00e7\u0131n\u0131n eserleri a\u015fk, insan ili\u015fkileri ve hayat\u0131n ironisi \u00fczerine d\u00fc\u015f\u00fcnd\u00fcren bir bak\u0131\u015f a\u00e7\u0131s\u0131 sunuyor. Sanatseverler sergiyi 14-20 \u015eubat tarihleri aras\u0131nda ziyaret edebilecek.<br \/><\/p>\n","protected":false},"excerpt":{"rendered":"<p>T\u00fcrk mizah ve karikat\u00fcr sanat\u0131n\u0131n usta isimlerinden Metin \u00dcst\u00fcnda\u011f, &#8220;A\u015fk \u0130ki Ki\u015fiyle Oynan\u0131r, \u0130yi Olan Kaybeder&#8221; isimli karikat\u00fcr sergisi ile 14-20 \u015eubat tarihleri aras\u0131nda Denizlili sanatseverlerin kar\u015f\u0131s\u0131na \u00e7\u0131k\u0131yor. Denizli B\u00fcy\u00fck\u015fehir Belediyesi taraf\u0131ndan d\u00fczenlenen ve Metin \u00dcst\u00fcnda\u011f\u2019\u0131n karikat\u00fcrlerinin sergilenece\u011fi &#8220;A\u015fk \u0130ki Ki\u015fiyle Oynan\u0131r, \u0130yi Olan Kaybeder&#8221; ba\u015fl\u0131kl\u0131 sergi, 14 \u015eubat Cuma g\u00fcn\u00fc saat 17.30\u2019da Turan Bahad\u0131r&#8230;<\/p>\n","protected":false},"author":1,"featured_media":17820,"comment_status":"open","ping_status":"open","sticky":false,"template":"","format":"standard","meta":{"_crdt_document":"","footnotes":""},"categories":[1],"tags":[],"class_list":["post-17819","post","type-post","status-publish","format-standard","has-post-thumbnail","hentry","category-guncel"],"_links":{"self":[{"href":"https:\/\/www.egemtv.com\/index.php?rest_route=\/wp\/v2\/posts\/17819","targetHints":{"allow":["GET"]}}],"collection":[{"href":"https:\/\/www.egemtv.com\/index.php?rest_route=\/wp\/v2\/posts"}],"about":[{"href":"https:\/\/www.egemtv.com\/index.php?rest_route=\/wp\/v2\/types\/post"}],"author":[{"embeddable":true,"href":"https:\/\/www.egemtv.com\/index.php?rest_route=\/wp\/v2\/users\/1"}],"replies":[{"embeddable":true,"href":"https:\/\/www.egemtv.com\/index.php?rest_route=%2Fwp%2Fv2%2Fcomments&post=17819"}],"version-history":[{"count":1,"href":"https:\/\/www.egemtv.com\/index.php?rest_route=\/wp\/v2\/posts\/17819\/revisions"}],"predecessor-version":[{"id":17821,"href":"https:\/\/www.egemtv.com\/index.php?rest_route=\/wp\/v2\/posts\/17819\/revisions\/17821"}],"wp:featuredmedia":[{"embeddable":true,"href":"https:\/\/www.egemtv.com\/index.php?rest_route=\/wp\/v2\/media\/17820"}],"wp:attachment":[{"href":"https:\/\/www.egemtv.com\/index.php?rest_route=%2Fwp%2Fv2%2Fmedia&parent=17819"}],"wp:term":[{"taxonomy":"category","embeddable":true,"href":"https:\/\/www.egemtv.com\/index.php?rest_route=%2Fwp%2Fv2%2Fcategories&post=17819"},{"taxonomy":"post_tag","embeddable":true,"href":"https:\/\/www.egemtv.com\/index.php?rest_route=%2Fwp%2Fv2%2Ftags&post=17819"}],"curies":[{"name":"wp","href":"https:\/\/api.w.org\/{rel}","templated":true}]}}