{"id":17816,"date":"2025-02-12T09:58:36","date_gmt":"2025-02-12T06:58:36","guid":{"rendered":"https:\/\/www.egemtv.com\/?p=17816"},"modified":"2025-02-12T09:58:43","modified_gmt":"2025-02-12T06:58:43","slug":"urla-kadin-basketbol-takiminin-hedefi-play-off","status":"publish","type":"post","link":"https:\/\/www.egemtv.com\/?p=17816","title":{"rendered":"Urla Kad\u0131n Basketbol Tak\u0131m\u0131\u2019n\u0131n hedefi play-off"},"content":{"rendered":"<p>Urla Belediyesi Gen\u00e7lik Spor Kul\u00fcb\u00fc Kad\u0131n Basketbol Tak\u0131m\u0131, bu sezon play-off\u2019u hedefliyor. 78 y\u0131ll\u0131k k\u00f6kl\u00fc bir ge\u00e7mi\u015fe sahip olan kul\u00fcp, son ma\u00e7larda ya\u015fad\u0131\u011f\u0131 aksakl\u0131klara ra\u011fmen sezona iyi bir ba\u015flang\u0131\u00e7 yapt\u0131. Urlal\u0131lar\u2019\u0131n deste\u011fini arkalar\u0131na alan tak\u0131m, play-off yolunda emin ad\u0131mlarla ilerliyor.<br \/>\n<br \/>Taraftar\u0131n kendilerini hi\u00e7 yaln\u0131z b\u0131rakmad\u0131\u011f\u0131n\u0131 belirten Urla Belediyesi Gen\u00e7lik Spor Kul\u00fcb\u00fc Kad\u0131n Basketbol Tak\u0131m Kaptan\u0131 M\u0131sra Albayrak, &#8220;Gen\u00e7 bir tak\u0131m\u0131z, g\u00fczel bir ortam\u0131m\u0131z var. \u0130zmir\u2019in tek kad\u0131n basketbol tak\u0131m\u0131 olarak bu sezon hedefimiz play-off oynamak. Hedefimize ula\u015fmak ad\u0131na m\u00fccadelemizi s\u00fcrd\u00fcr\u00fcyoruz&#8221; dedi.<\/p>\n<p>&#8220;Bir kap su bir kap mama&#8221;<br \/>\n<br \/>So\u011fuk havaya ra\u011fmen sokak hayvanlar\u0131n\u0131 da unutmayan ve fark\u0131ndal\u0131k olu\u015fturmak amac\u0131yla bir araya gelen sporcular, hem y\u00fcr\u00fcy\u00fc\u015f yapt\u0131 hem de sokak hayvanlar\u0131na su ve mama da\u011f\u0131tt\u0131. Oyuncular M\u0131sra Albayrak, Melisa Ero\u011flu, \u015eevval Oyan, Meliha Ay\u00e7a K\u0131ro\u011flano\u011flu, Zeynep \u00d6yk\u00fc Kalbisa\u011fde ve Buse Lal Utku, yem verdikleri sokak hayvanlar\u0131n\u0131 severek renkli g\u00f6r\u00fcnt\u00fcler sergiledi.<\/p>\n<p>&#8220;Hayat\u0131 ve sokaklar\u0131 birlikte payla\u015f\u0131yoruz&#8221;<br \/>\n<br \/>Tak\u0131m i\u00e7erisinde kedi ve k\u00f6pek sahiplenen oyuncular\u0131n bulundu\u011funu, sokak hayvanlar\u0131na y\u00f6nelik farkl\u0131 bir bak\u0131\u015fa sahip olduklar\u0131n\u0131 belirten Albayrak, &#8220;Biz gerek hayat\u0131, gerekse sokaklar\u0131 bu k\u00fc\u00e7\u00fck canlarla birlikte payla\u015f\u0131yoruz. Sokak hayvanlar\u0131, evcil hayvanlara k\u0131yasla zorlu ya\u015fam ko\u015fullar\u0131na ayak uydurmak zorundalar. \u00d6zellikle so\u011fuk havalarda yiyecek bulmakta zorlan\u0131yorlar.  Biz Urla\u2019ya geldi\u011fimiz andan itibaren sokak hayvanlar\u0131na y\u00f6nelik \u00e7ok g\u00fczel ilgi oldu\u011funu g\u00f6rd\u00fck ve \u00fczerimize d\u00fc\u015fen sorumlulu\u011fu yerine getirmek istedik. Kul\u00fcp Ba\u015fkan\u0131m\u0131z Erman Umdu da bu konuda bizlere destek oldu. Bireysel yapt\u0131\u011f\u0131m\u0131z yiyecek yard\u0131mlar\u0131na ek olarak kul\u00fcb\u00fcm\u00fcz ayda bir g\u00fcn yem al\u0131yor ve tak\u0131m arkada\u015flar\u0131m\u0131zla birlikte g\u00f6n\u00fcll\u00fc olarak bu yemleri da\u011f\u0131t\u0131yoruz. Sokaklar\u0131 birlikte payla\u015ft\u0131\u011f\u0131m\u0131z k\u00fcc\u00fck canlara destek olmaya, onlar\u0131n ihtiya\u00e7lar\u0131n\u0131 gidrmeye \u00e7al\u0131\u015f\u0131yoruz ki sizlerin arac\u0131l\u0131\u011f\u0131 ile t\u00fcm insanlar\u0131n bu konuda duyarl\u0131 olmalar\u0131n\u0131 istiyoruz.  Sevgimizle \u00fc\u015f\u00fcyen patileri \u0131s\u0131tabilir ve hayat\u0131 g\u00fczelle\u015ftirebiliriz. Bu nedenle bir kap su, bir kap mama&#8221; ifadelerini kulland\u0131.<br \/>\n<br \/>Kul\u00fcp Ba\u015fkan\u0131 Erman Umdu ise bu t\u00fcr etkinliklerle birlik ve beraberlik mesaj\u0131 vermek istediklerini s\u00f6yledi. Umdu, tak\u0131m\u0131n play-off hedefine ula\u015fmas\u0131 i\u00e7in t\u00fcm \u0130zmir ve Urla halk\u0131n\u0131n deste\u011fini beklediklerini ifade etti. Tak\u0131m oyuncular\u0131 ile birlikte esnaflar\u0131 da ziyaret eden Ba\u015fkan Umdu, bu cuma g\u00fcn\u00fc oynayacaklar\u0131 Fenerbah\u00e7e ma\u00e7\u0131na t\u00fcm sporseverleri davet etti. &#8220;Onlar bizim yan\u0131m\u0131zda oldu\u011fu zaman biz kendimizi daha g\u00fc\u00e7l\u00fc hissediyoruz&#8221; diyen Umdu, taraftarlar\u0131n deste\u011fiyle \u00f6nemli bir galibiyet elde etmek istediklerini belirtti.<\/p>\n<p>&#8220;\u0130zmir\u2019in tek kad\u0131n basketbol tak\u0131m\u0131 olarak gurur duyuyoruz&#8221;<br \/>\n<br \/>\u0130zmir\u2019in tek kad\u0131n basketbol tak\u0131m\u0131 olarak gururla m\u00fccadele ettiklerini belirten Ba\u015fkan Umdu, &#8220;Urla\u2019m\u0131z\u0131 ve \u0130zmir\u2019imizi t\u00fcm T\u00fcrkiye\u2019de temsil ediyoruz. Hedefimiz play-off ve bu hedef i\u00e7in var g\u00fcc\u00fcm\u00fczle \u00e7al\u0131\u015f\u0131yoruz&#8221; dedi. T\u00fcm \u0130zmir ve Urla\u2019y\u0131 yanlar\u0131nda g\u00f6rmekten mutluluk duyacaklar\u0131n\u0131 ifade eden Umdu, herkesi bu Cuma ma\u00e7a beklediklerini vurgulad\u0131.<br \/><\/p>\n","protected":false},"excerpt":{"rendered":"<p>Urla Belediyesi Gen\u00e7lik Spor Kul\u00fcb\u00fc Kad\u0131n Basketbol Tak\u0131m\u0131, bu sezon play-off\u2019u hedefliyor. 78 y\u0131ll\u0131k k\u00f6kl\u00fc bir ge\u00e7mi\u015fe sahip olan kul\u00fcp, son ma\u00e7larda ya\u015fad\u0131\u011f\u0131 aksakl\u0131klara ra\u011fmen sezona iyi bir ba\u015flang\u0131\u00e7 yapt\u0131. Urlal\u0131lar\u2019\u0131n deste\u011fini arkalar\u0131na alan tak\u0131m, play-off yolunda emin ad\u0131mlarla ilerliyor. Taraftar\u0131n kendilerini hi\u00e7 yaln\u0131z b\u0131rakmad\u0131\u011f\u0131n\u0131 belirten Urla Belediyesi Gen\u00e7lik Spor Kul\u00fcb\u00fc Kad\u0131n Basketbol Tak\u0131m Kaptan\u0131&#8230;<\/p>\n","protected":false},"author":1,"featured_media":17817,"comment_status":"open","ping_status":"open","sticky":false,"template":"","format":"standard","meta":{"_crdt_document":"","footnotes":""},"categories":[4],"tags":[],"class_list":["post-17816","post","type-post","status-publish","format-standard","has-post-thumbnail","hentry","category-spor"],"_links":{"self":[{"href":"https:\/\/www.egemtv.com\/index.php?rest_route=\/wp\/v2\/posts\/17816","targetHints":{"allow":["GET"]}}],"collection":[{"href":"https:\/\/www.egemtv.com\/index.php?rest_route=\/wp\/v2\/posts"}],"about":[{"href":"https:\/\/www.egemtv.com\/index.php?rest_route=\/wp\/v2\/types\/post"}],"author":[{"embeddable":true,"href":"https:\/\/www.egemtv.com\/index.php?rest_route=\/wp\/v2\/users\/1"}],"replies":[{"embeddable":true,"href":"https:\/\/www.egemtv.com\/index.php?rest_route=%2Fwp%2Fv2%2Fcomments&post=17816"}],"version-history":[{"count":1,"href":"https:\/\/www.egemtv.com\/index.php?rest_route=\/wp\/v2\/posts\/17816\/revisions"}],"predecessor-version":[{"id":17818,"href":"https:\/\/www.egemtv.com\/index.php?rest_route=\/wp\/v2\/posts\/17816\/revisions\/17818"}],"wp:featuredmedia":[{"embeddable":true,"href":"https:\/\/www.egemtv.com\/index.php?rest_route=\/wp\/v2\/media\/17817"}],"wp:attachment":[{"href":"https:\/\/www.egemtv.com\/index.php?rest_route=%2Fwp%2Fv2%2Fmedia&parent=17816"}],"wp:term":[{"taxonomy":"category","embeddable":true,"href":"https:\/\/www.egemtv.com\/index.php?rest_route=%2Fwp%2Fv2%2Fcategories&post=17816"},{"taxonomy":"post_tag","embeddable":true,"href":"https:\/\/www.egemtv.com\/index.php?rest_route=%2Fwp%2Fv2%2Ftags&post=17816"}],"curies":[{"name":"wp","href":"https:\/\/api.w.org\/{rel}","templated":true}]}}