{"id":17813,"date":"2025-02-12T09:58:23","date_gmt":"2025-02-12T06:58:23","guid":{"rendered":"https:\/\/www.egemtv.com\/?p=17813"},"modified":"2025-02-12T09:58:35","modified_gmt":"2025-02-12T06:58:35","slug":"baskan-buyukyapicidan-cocuklara-tiyatro-hediyesi","status":"publish","type":"post","link":"https:\/\/www.egemtv.com\/?p=17813","title":{"rendered":"Ba\u015fkan B\u00fcy\u00fckyap\u0131c\u0131\u2019dan \u00e7ocuklara tiyatro hediyesi"},"content":{"rendered":"<p>Ayd\u0131n\u2019\u0131n Karacasu il\u00e7esinde ya\u015fayan \u00f6\u011frenciler i\u00e7in \u2019Arkada\u015f\u0131m ben geldim\u2019 isimli \u00e7ocuk oyunu sahnelenecek, Belediye Ba\u015fkan\u0131 Mustafa B\u00fcy\u00fckyap\u0131c\u0131 ise t\u00fcm \u00e7ocuklar\u0131 tiyatroya davet etti.<\/p>\n<p>\u0130l\u00e7e genelinde ger\u00e7ekle\u015ftirdi\u011fi hizmetlerin yan\u0131 s\u0131ra k\u00fclt\u00fcrel \u00e7al\u0131\u015fmalar\u0131na da devam eden Karacasu Belediyesi, il\u00e7ede ya\u015fayan \u00e7ocuklar i\u00e7in \u2019Arkada\u015f\u0131m ben geldim\u2019 isimli m\u00fczikli dansl\u0131 \u00e7ocuk oyununu sahneleyecek. Karacasu Belediye Ba\u015fkan\u0131 Mustafa B\u00fcy\u00fckyap\u0131c\u0131, \u00e7ocuklar\u0131 tiyatroya davet ederken, ger\u00e7ekle\u015ftirilecek olan \u2019Arkada\u015f\u0131m ben geldim\u2019 isimli tiyatro i\u00e7in haz\u0131rl\u0131klar tamamland\u0131. Mu\u011flal\u0131 \u00fcnl\u00fc oyuncu G\u00fclnihal Demir\u2019in sahne alaca\u011f\u0131 m\u00fczikli dansl\u0131 \u00e7ocuk oyunu 15 \u015eubat Cumartesi g\u00fcn\u00fc 2 seans olarak saat 14.00 ile 16.00\u2019da Karacasu K\u00fclt\u00fcr Merkezi\u2019nde sahnelenecek.<\/p>\n<p>Konu ile ilgili Karacasu Belediyesi\u2019nden yap\u0131lan payla\u015f\u0131mda ise &#8220;Karacasu Belediye Ba\u015fkan\u0131m\u0131z Mustafa B\u00fcy\u00fckyap\u0131c\u0131\u2019dan \u00e7ocuklar\u0131m\u0131za tiyatro hediyesi. M\u00fczikli ve dansl\u0131 \u00e7ocuk oyunu \u2019Arkada\u015f\u0131m Ben Geldim\u2019 tiyatrosuna t\u00fcm \u00e7ocuklar\u0131m\u0131z\u0131 ve velilerimizi bu keyifli \u00fccretsiz etkinli\u011fe bekliyoruz&#8221; ifadeleri yer ald\u0131.<br \/><\/p>\n","protected":false},"excerpt":{"rendered":"<p>Ayd\u0131n\u2019\u0131n Karacasu il\u00e7esinde ya\u015fayan \u00f6\u011frenciler i\u00e7in \u2019Arkada\u015f\u0131m ben geldim\u2019 isimli \u00e7ocuk oyunu sahnelenecek, Belediye Ba\u015fkan\u0131 Mustafa B\u00fcy\u00fckyap\u0131c\u0131 ise t\u00fcm \u00e7ocuklar\u0131 tiyatroya davet etti. \u0130l\u00e7e genelinde ger\u00e7ekle\u015ftirdi\u011fi hizmetlerin yan\u0131 s\u0131ra k\u00fclt\u00fcrel \u00e7al\u0131\u015fmalar\u0131na da devam eden Karacasu Belediyesi, il\u00e7ede ya\u015fayan \u00e7ocuklar i\u00e7in \u2019Arkada\u015f\u0131m ben geldim\u2019 isimli m\u00fczikli dansl\u0131 \u00e7ocuk oyununu sahneleyecek. Karacasu Belediye Ba\u015fkan\u0131 Mustafa B\u00fcy\u00fckyap\u0131c\u0131, \u00e7ocuklar\u0131&#8230;<\/p>\n","protected":false},"author":1,"featured_media":17814,"comment_status":"open","ping_status":"open","sticky":false,"template":"","format":"standard","meta":{"_crdt_document":"","footnotes":""},"categories":[1],"tags":[],"class_list":["post-17813","post","type-post","status-publish","format-standard","has-post-thumbnail","hentry","category-guncel"],"_links":{"self":[{"href":"https:\/\/www.egemtv.com\/index.php?rest_route=\/wp\/v2\/posts\/17813","targetHints":{"allow":["GET"]}}],"collection":[{"href":"https:\/\/www.egemtv.com\/index.php?rest_route=\/wp\/v2\/posts"}],"about":[{"href":"https:\/\/www.egemtv.com\/index.php?rest_route=\/wp\/v2\/types\/post"}],"author":[{"embeddable":true,"href":"https:\/\/www.egemtv.com\/index.php?rest_route=\/wp\/v2\/users\/1"}],"replies":[{"embeddable":true,"href":"https:\/\/www.egemtv.com\/index.php?rest_route=%2Fwp%2Fv2%2Fcomments&post=17813"}],"version-history":[{"count":1,"href":"https:\/\/www.egemtv.com\/index.php?rest_route=\/wp\/v2\/posts\/17813\/revisions"}],"predecessor-version":[{"id":17815,"href":"https:\/\/www.egemtv.com\/index.php?rest_route=\/wp\/v2\/posts\/17813\/revisions\/17815"}],"wp:featuredmedia":[{"embeddable":true,"href":"https:\/\/www.egemtv.com\/index.php?rest_route=\/wp\/v2\/media\/17814"}],"wp:attachment":[{"href":"https:\/\/www.egemtv.com\/index.php?rest_route=%2Fwp%2Fv2%2Fmedia&parent=17813"}],"wp:term":[{"taxonomy":"category","embeddable":true,"href":"https:\/\/www.egemtv.com\/index.php?rest_route=%2Fwp%2Fv2%2Fcategories&post=17813"},{"taxonomy":"post_tag","embeddable":true,"href":"https:\/\/www.egemtv.com\/index.php?rest_route=%2Fwp%2Fv2%2Ftags&post=17813"}],"curies":[{"name":"wp","href":"https:\/\/api.w.org\/{rel}","templated":true}]}}