{"id":17810,"date":"2025-02-12T09:58:10","date_gmt":"2025-02-12T06:58:10","guid":{"rendered":"https:\/\/www.egemtv.com\/?p=17810"},"modified":"2025-02-12T09:58:23","modified_gmt":"2025-02-12T06:58:23","slug":"organik-atiklar-ekonomiye-kazandiriliyor","status":"publish","type":"post","link":"https:\/\/www.egemtv.com\/?p=17810","title":{"rendered":"Organik at\u0131klar ekonomiye kazand\u0131r\u0131l\u0131yor"},"content":{"rendered":"<p>\u0130zmir B\u00fcy\u00fck\u015fehir Belediyesi, s\u00fcrd\u00fcr\u00fclebilir at\u0131k y\u00f6netimi ve tar\u0131msal alanlar\u0131n canland\u0131r\u0131lmas\u0131 i\u00e7in K\u00fclt\u00fcrpark\u2019ta kompost e\u011fitimi verdi. \u00dcretici pazar\u0131ndaki \u00fcretici ve yurtta\u015flar\u0131n ilgi g\u00f6sterdi\u011fi etkinlikte Bu\u011fday Derne\u011fi taraf\u0131ndan evlerde ve bah\u00e7elerde kolayl\u0131kla yap\u0131labilecek kompost y\u00f6ntemleri uygulamal\u0131 g\u00f6sterildi.<br \/>\n<br \/>\u0130zmir B\u00fcy\u00fck\u015fehir Belediyesi, kent genelinde s\u00fcrd\u00fcr\u00fclebilir at\u0131k y\u00f6netimini yerle\u015ftirebilmek i\u00e7in \u00e7al\u0131\u015fmalar\u0131n\u0131 s\u00fcrd\u00fcr\u00fcyor. \u0130zmir B\u00fcy\u00fck\u015fehir Belediyesi \u0130klim De\u011fi\u015fikli\u011fi ve S\u0131f\u0131r At\u0131k Dairesi Ba\u015fkanl\u0131\u011f\u0131 ile Bu\u011fday Derne\u011fi taraf\u0131ndan K\u00fclt\u00fcrpark\u2019taki \u00fcretici pazar\u0131nda &#8220;Yerel \u00dcreticilerimizle D\u00f6ng\u00fcsel Tar\u0131ma Y\u00f6n Veriyoruz&#8221; adl\u0131 etkinlik d\u00fczenledi. K\u00fclt\u00fcrpark\u2019taki \u00fcreticilere ve yurtta\u015flara alanda kolay y\u00f6ntemlerle kompost \u00fcretimi uygulamal\u0131 olarak anlat\u0131ld\u0131.<\/p>\n<p>&#8220;Kentsel at\u0131k y\u00f6netiminde etkin bir s\u00fcre\u00e7 ba\u015flatmay\u0131 hedefliyoruz&#8221;<br \/>\n<br \/>Etkinlikte konu\u015fan \u0130zmir B\u00fcy\u00fck\u015fehir Belediyesi \u0130klim De\u011fi\u015fikli\u011fi ve S\u0131f\u0131r At\u0131k Dairesi Ba\u015fkan\u0131 I\u015f\u0131l Konya, &#8220;\u0130zmir\u2019de g\u0131da at\u0131klar\u0131n\u0131 da organik at\u0131klar\u0131 da de\u011ferlendirerek kentsel at\u0131k y\u00f6netiminde etkin bir s\u00fcre\u00e7 ba\u015flatmay\u0131 hedefliyoruz. Bu\u011fday Derne\u011fi de bizi bu \u00e7al\u0131\u015fmalar\u0131m\u0131zda destekleyecek. Bah\u00e7e, ev gibi yerlerde, belki mahallelerde g\u0131da at\u0131klar\u0131n\u0131n de\u011ferlendirilebilece\u011fi basit uygulamalar\u0131 g\u00f6sterece\u011fiz&#8221; ifadelerini kulland\u0131.<\/p>\n<p>Topra\u011f\u0131n canl\u0131l\u0131k a\u015f\u0131s\u0131 kompost<br \/>\n<br \/>Etkinlikte kompost e\u011fitimini Bu\u011fday Derne\u011fi\u2019nden Murat Akhuy verdi. Uygulamal\u0131 e\u011fitim \u00f6ncesi kompost \u00fcretimi hakk\u0131nda yurtta\u015flar\u0131 bilgilendiren Murat Akhuy, kompostun bir canl\u0131l\u0131k a\u015f\u0131s\u0131 oldu\u011funu, tar\u0131msal faaliyet nedeniyle bozulan topraklar\u0131 tekrar canland\u0131rmak, bitkilere sa\u011fl\u0131k ve hastal\u0131k direncini yeniden kazand\u0131rmak i\u00e7in yap\u0131lan bir uygulama oldu\u011funu ifade etti. Akhuy, &#8220;Hangi kompost y\u00f6ntemini yaparsak yapal\u0131m amac\u0131m\u0131z net. Canl\u0131l\u0131\u011f\u0131 azalm\u0131\u015f, organik madde seviyesi d\u00fc\u015fm\u00fc\u015f, bozulmu\u015f topraklar\u0131 tekrar canland\u0131rmak, sa\u011fl\u0131k kazand\u0131rmak ve kimyasal ila\u00e7lara ihtiya\u00e7 kalmadan toprak ekosisteminin kendi kendine bitkiyi besleyebilmesini sa\u011flamak. Kompost, bizi bu hedefe ula\u015ft\u0131racak en h\u0131zl\u0131 ara\u00e7lardan birisi. Tonlarca kompostu bir anda \u00fcretmek m\u00fcmk\u00fcn. Burada g\u00f6rece\u011finiz gibi telli bah\u00e7emizde kendi olanaklar\u0131m\u0131zla kompost yapmak m\u00fcmk\u00fcn. Ufak kaplarda bokashi kompost yapmak m\u00fcmk\u00fcn&#8221; \u015feklinde konu\u015ftu.<\/p>\n<p>Uygulama yap\u0131ld\u0131<br \/>\n<br \/>Teorik bilgiler verildikten sonra alanda uygulamal\u0131 e\u011fitime ge\u00e7ildi. Murat Akhuy, evde ve bah\u00e7ede uygulanabilecek kompost y\u00f6ntemlerini detaylar\u0131yla anlatarak bah\u00e7e ve tarlalarda kolayl\u0131kla yap\u0131labilen s\u0131cak kompost ve evlerde \u00fcretime uygun bokashi kompost y\u00f6ntemlerini g\u00f6sterdi.<br \/><\/p>\n","protected":false},"excerpt":{"rendered":"<p>\u0130zmir B\u00fcy\u00fck\u015fehir Belediyesi, s\u00fcrd\u00fcr\u00fclebilir at\u0131k y\u00f6netimi ve tar\u0131msal alanlar\u0131n canland\u0131r\u0131lmas\u0131 i\u00e7in K\u00fclt\u00fcrpark\u2019ta kompost e\u011fitimi verdi. \u00dcretici pazar\u0131ndaki \u00fcretici ve yurtta\u015flar\u0131n ilgi g\u00f6sterdi\u011fi etkinlikte Bu\u011fday Derne\u011fi taraf\u0131ndan evlerde ve bah\u00e7elerde kolayl\u0131kla yap\u0131labilecek kompost y\u00f6ntemleri uygulamal\u0131 g\u00f6sterildi. \u0130zmir B\u00fcy\u00fck\u015fehir Belediyesi, kent genelinde s\u00fcrd\u00fcr\u00fclebilir at\u0131k y\u00f6netimini yerle\u015ftirebilmek i\u00e7in \u00e7al\u0131\u015fmalar\u0131n\u0131 s\u00fcrd\u00fcr\u00fcyor. \u0130zmir B\u00fcy\u00fck\u015fehir Belediyesi \u0130klim De\u011fi\u015fikli\u011fi ve S\u0131f\u0131r At\u0131k&#8230;<\/p>\n","protected":false},"author":1,"featured_media":17811,"comment_status":"open","ping_status":"open","sticky":false,"template":"","format":"standard","meta":{"_crdt_document":"","footnotes":""},"categories":[1],"tags":[],"class_list":["post-17810","post","type-post","status-publish","format-standard","has-post-thumbnail","hentry","category-guncel"],"_links":{"self":[{"href":"https:\/\/www.egemtv.com\/index.php?rest_route=\/wp\/v2\/posts\/17810","targetHints":{"allow":["GET"]}}],"collection":[{"href":"https:\/\/www.egemtv.com\/index.php?rest_route=\/wp\/v2\/posts"}],"about":[{"href":"https:\/\/www.egemtv.com\/index.php?rest_route=\/wp\/v2\/types\/post"}],"author":[{"embeddable":true,"href":"https:\/\/www.egemtv.com\/index.php?rest_route=\/wp\/v2\/users\/1"}],"replies":[{"embeddable":true,"href":"https:\/\/www.egemtv.com\/index.php?rest_route=%2Fwp%2Fv2%2Fcomments&post=17810"}],"version-history":[{"count":1,"href":"https:\/\/www.egemtv.com\/index.php?rest_route=\/wp\/v2\/posts\/17810\/revisions"}],"predecessor-version":[{"id":17812,"href":"https:\/\/www.egemtv.com\/index.php?rest_route=\/wp\/v2\/posts\/17810\/revisions\/17812"}],"wp:featuredmedia":[{"embeddable":true,"href":"https:\/\/www.egemtv.com\/index.php?rest_route=\/wp\/v2\/media\/17811"}],"wp:attachment":[{"href":"https:\/\/www.egemtv.com\/index.php?rest_route=%2Fwp%2Fv2%2Fmedia&parent=17810"}],"wp:term":[{"taxonomy":"category","embeddable":true,"href":"https:\/\/www.egemtv.com\/index.php?rest_route=%2Fwp%2Fv2%2Fcategories&post=17810"},{"taxonomy":"post_tag","embeddable":true,"href":"https:\/\/www.egemtv.com\/index.php?rest_route=%2Fwp%2Fv2%2Ftags&post=17810"}],"curies":[{"name":"wp","href":"https:\/\/api.w.org\/{rel}","templated":true}]}}