{"id":17807,"date":"2025-02-12T09:43:50","date_gmt":"2025-02-12T06:43:50","guid":{"rendered":"https:\/\/www.egemtv.com\/?p=17807"},"modified":"2025-02-12T09:43:52","modified_gmt":"2025-02-12T06:43:52","slug":"muftu-pamuklu-berat-kandili-bagislanmak-icin-feyizli-bir-firsat-vaktidir","status":"publish","type":"post","link":"https:\/\/www.egemtv.com\/?p=17807","title":{"rendered":"M\u00fcft\u00fc Pamuklu: &#8220;Berat Kandili ba\u011f\u0131\u015flanmak i\u00e7in feyizli bir f\u0131rsat vaktidir&#8221;"},"content":{"rendered":"<p>Denizli \u0130l M\u00fcft\u00fcs\u00fc Abdullah Pamuklu, Berat Kandili dolay\u0131s\u0131yla yay\u0131nlad\u0131\u011f\u0131 mesaj\u0131nda; &#8220;Bu gece, Rahman ve Rahim olan Allah\u2019\u0131n kullar\u0131n\u0131 ba\u011f\u0131\u015flamak i\u00e7in rahmetini sa\u011fanak sa\u011fanak indirdi\u011fi, dualar\u0131n semaya y\u00fckseldi\u011fi, kalplerin safvetle \u00e7arpt\u0131\u011f\u0131 feyizli bir f\u0131rsat vaktidir&#8221; dedi.<\/p>\n<p>Denizli \u0130l M\u00fcft\u00fcs\u00fc Abdullah Pamuklu, yar\u0131n gece idrak edilecek Berat Kandili dolay\u0131s\u0131yla bir kutlama mesaj\u0131 yay\u0131mlad\u0131. M\u00fcft\u00fc Pamuklu, &#8220;M\u00fcbarek \u00fc\u00e7 aylar\u0131n ikincisi olan \u015eaban ay\u0131n\u0131n en k\u0131ymetli gecesi Berat Kandiline eri\u015fmenin huzur ve sevincini hep birlikte ya\u015f\u0131yoruz. Bilindi\u011fi \u00fczere, 13 \u015eubat 2025 Per\u015fembe\u2019yi Cuma\u2019ya ba\u011flayan gece, rahmeti ve ma\u011ffireti sonsuz olan Y\u00fcce Rabbimizin kullar\u0131na l\u00fctuf kap\u0131lar\u0131n\u0131 ard\u0131na kadar a\u00e7t\u0131\u011f\u0131 bu m\u00fcstesna gecedir. \u2018Bor\u00e7tan, su\u00e7tan ve cezadan kurtulu\u015f\u2019 manas\u0131na gelen Berat; dini literat\u00fcr\u00fcm\u00fczde \u2018g\u00fcnahlardan ar\u0131nma, il\u00e2h\u00ee affa mazhar olma, yenilenme ve yarat\u0131l\u0131\u015f gayemizi hat\u0131rlama\u2019 anlam\u0131n\u0131 ta\u015f\u0131r. Bu gece, Rahman ve Rahim olan Allah\u2019\u0131n kullar\u0131n\u0131 ba\u011f\u0131\u015flamak i\u00e7in rahmetini sa\u011fanak sa\u011fanak indirdi\u011fi, dualar\u0131n semaya y\u00fckseldi\u011fi, kalplerin safvetle \u00e7arpt\u0131\u011f\u0131 feyizli bir f\u0131rsat vaktidir&#8221; diye konu\u015ftu.<\/p>\n<p>&#8220;\u0130lah\u00ee \u00e7a\u011fr\u0131y\u0131 f\u0131rsat bilerek, kendimiz, ailelerimiz, aziz milletimiz, \u0130slam alemi ve b\u00fct\u00fcn insanl\u0131k i\u00e7in samimiyetle dua etmek en b\u00fcy\u00fck vazifemizdir&#8221; diyen Pamuklu, mesaj\u0131nda \u015fu ifadeleri kulland\u0131:<br \/>\n<br \/>&#8220;Unutmayal\u0131m ki; salih ameller, ihlasla yap\u0131lan ibadetler ve g\u00f6n\u00fclden kopan niyazlar, hem d\u00fcnya hem de ahiret saadetimizin anahtar\u0131d\u0131r. Bilerek veya bilmeyerek i\u015fledi\u011fimiz kusurlardan ar\u0131nmak, ancak O\u2019nun sonsuz rahmetine s\u0131\u011f\u0131nmakla m\u00fcmk\u00fcnd\u00fcr. Bu m\u00fcbarek gece vesilesiyle; ba\u015fta Denizlili hem\u015ferilerim olmak \u00fczere t\u00fcm milletimizin, \u0130sl\u00e2m \u00e2leminin ve insanl\u0131\u011f\u0131n Berat Kandilini en kalb\u00ee duygular\u0131mla tebrik ediyorum. Rabbimizden niyaz\u0131m odur ki; bu gece, \u00fclkemizin ve g\u00f6n\u00fcl co\u011frafyam\u0131z\u0131n huzuruna, Filistin\u2019in, Gazze\u2019nin, Do\u011fu T\u00fcrkistan\u2019\u0131n zul\u00fcmden kurtulu\u015funa, m\u00fcminlerin g\u00fcnahlardan ar\u0131narak Ramazan-\u0131 \u015eerif\u2019e &#8220;beraat etmi\u015f&#8221; bir kalple ula\u015fmalar\u0131na vesile olsun&#8221;<br \/><\/p>\n","protected":false},"excerpt":{"rendered":"<p>Denizli \u0130l M\u00fcft\u00fcs\u00fc Abdullah Pamuklu, Berat Kandili dolay\u0131s\u0131yla yay\u0131nlad\u0131\u011f\u0131 mesaj\u0131nda; &#8220;Bu gece, Rahman ve Rahim olan Allah\u2019\u0131n kullar\u0131n\u0131 ba\u011f\u0131\u015flamak i\u00e7in rahmetini sa\u011fanak sa\u011fanak indirdi\u011fi, dualar\u0131n semaya y\u00fckseldi\u011fi, kalplerin safvetle \u00e7arpt\u0131\u011f\u0131 feyizli bir f\u0131rsat vaktidir&#8221; dedi. Denizli \u0130l M\u00fcft\u00fcs\u00fc Abdullah Pamuklu, yar\u0131n gece idrak edilecek Berat Kandili dolay\u0131s\u0131yla bir kutlama mesaj\u0131 yay\u0131mlad\u0131. M\u00fcft\u00fc Pamuklu, &#8220;M\u00fcbarek \u00fc\u00e7&#8230;<\/p>\n","protected":false},"author":1,"featured_media":17808,"comment_status":"open","ping_status":"open","sticky":false,"template":"","format":"standard","meta":{"_crdt_document":"","footnotes":""},"categories":[123],"tags":[],"class_list":["post-17807","post","type-post","status-publish","format-standard","has-post-thumbnail","hentry","category-gundem"],"_links":{"self":[{"href":"https:\/\/www.egemtv.com\/index.php?rest_route=\/wp\/v2\/posts\/17807","targetHints":{"allow":["GET"]}}],"collection":[{"href":"https:\/\/www.egemtv.com\/index.php?rest_route=\/wp\/v2\/posts"}],"about":[{"href":"https:\/\/www.egemtv.com\/index.php?rest_route=\/wp\/v2\/types\/post"}],"author":[{"embeddable":true,"href":"https:\/\/www.egemtv.com\/index.php?rest_route=\/wp\/v2\/users\/1"}],"replies":[{"embeddable":true,"href":"https:\/\/www.egemtv.com\/index.php?rest_route=%2Fwp%2Fv2%2Fcomments&post=17807"}],"version-history":[{"count":1,"href":"https:\/\/www.egemtv.com\/index.php?rest_route=\/wp\/v2\/posts\/17807\/revisions"}],"predecessor-version":[{"id":17809,"href":"https:\/\/www.egemtv.com\/index.php?rest_route=\/wp\/v2\/posts\/17807\/revisions\/17809"}],"wp:featuredmedia":[{"embeddable":true,"href":"https:\/\/www.egemtv.com\/index.php?rest_route=\/wp\/v2\/media\/17808"}],"wp:attachment":[{"href":"https:\/\/www.egemtv.com\/index.php?rest_route=%2Fwp%2Fv2%2Fmedia&parent=17807"}],"wp:term":[{"taxonomy":"category","embeddable":true,"href":"https:\/\/www.egemtv.com\/index.php?rest_route=%2Fwp%2Fv2%2Fcategories&post=17807"},{"taxonomy":"post_tag","embeddable":true,"href":"https:\/\/www.egemtv.com\/index.php?rest_route=%2Fwp%2Fv2%2Ftags&post=17807"}],"curies":[{"name":"wp","href":"https:\/\/api.w.org\/{rel}","templated":true}]}}