{"id":17804,"date":"2025-02-12T09:39:34","date_gmt":"2025-02-12T06:39:34","guid":{"rendered":"https:\/\/www.egemtv.com\/?p=17804"},"modified":"2025-02-12T09:39:39","modified_gmt":"2025-02-12T06:39:39","slug":"toplarken-can-yakiyor-yerken-damak-catlatiyor","status":"publish","type":"post","link":"https:\/\/www.egemtv.com\/?p=17804","title":{"rendered":"Toplarken can yak\u0131yor, yerken damak \u00e7atlat\u0131yor"},"content":{"rendered":"<p>Ege B\u00f6lgesi\u2019nin \u00f6nde gelen do\u011fal lezzetlerinden biri olan ve halk aras\u0131nda \u2019dalgan\u2019 olarak bilinen \u0131s\u0131rgan otu vatanda\u015flardan yo\u011fun ilgi g\u00f6r\u00fcyor. \u0130nsan v\u00fccuduna de\u011fdi\u011fi b\u00f6lgede k\u0131zar\u0131kl\u0131\u011fa yol a\u00e7an ve can ac\u0131tan \u0131s\u0131rgan otu semt pazarlar\u0131nda yok satarken vatanda\u015flar, &#8220;toplarken can yak\u0131yor, yerken damak \u00e7atlat\u0131yor&#8221; yorumunda bulunuyor.<\/p>\n<p>Ege B\u00f6lgesi\u2019nin vazge\u00e7ilmez do\u011fal lezzetlerinden biri olan \u0131s\u0131rgan otu, hem sa\u011fl\u0131\u011fa faydalar\u0131 hem de e\u015fsiz tad\u0131yla dikkat \u00e7ekiyor. \u00d6zellikle k\u0131rsal mahallelerde kendili\u011finden yeti\u015fen ve b\u00f6rekten k\u00f6fteye pek \u00e7ok farkl\u0131 \u015fekilde t\u00fcketilen \u0131s\u0131rgan otu, Ege mutfa\u011f\u0131n\u0131n vazge\u00e7ilmezleri aras\u0131nda yer al\u0131yor. Ayd\u0131n\u2019\u0131n Efeler il\u00e7esi k\u0131rsal Konuklu Mahallesi\u2019nde ikamet eden ve pazarc\u0131l\u0131k yapan Nermin Bultan \u0131s\u0131rgan otunun vatanda\u015flar taraf\u0131ndan \u00e7ok be\u011fenildi\u011fini ifade ederek, &#8220;Is\u0131rgan otu Ege B\u00f6lgesi\u2019ndeki olduk\u00e7a pop\u00fcler olan bir ot. Ayd\u0131nl\u0131lar taraf\u0131ndan da severek t\u00fcketiliyor. K\u0131rsal kesimlerde kendili\u011finden yeti\u015fiyor ve hayvan g\u00fcbresi kullan\u0131lan alanlarda daha g\u00fcr yeti\u015fiyor. B\u00f6re\u011finden, k\u00f6ftesinden, yeme\u011fine bir\u00e7ok \u00e7e\u015fitte t\u00fcketilebiliyor. Tad\u0131 da \u00e7ok g\u00fczel. Ayr\u0131ca eklem a\u011fr\u0131lar\u0131 i\u00e7in de iyi geldi\u011fi, v\u00fccuttaki iltihaplar\u0131 azaltt\u0131\u011f\u0131, kan \u015fekerini de dengelemeye yard\u0131mc\u0131 oldu\u011fu s\u00f6yleniyor. Hem sa\u011fl\u0131kl\u0131 hem de do\u011fal. Alan vatanda\u015flar \u2018daha var m\u0131?\u2019 diye soruyor. Erken saatlerde t\u00fckeniyor&#8221; dedi.<\/p>\n<p>Is\u0131rgan otunun v\u00fccuda temas etti\u011finde b\u00f6lgede tahri\u015fe yol a\u00e7arak k\u0131zar\u0131kl\u0131k olu\u015fturup ka\u015f\u0131nd\u0131rd\u0131\u011f\u0131n\u0131 belirten Bultan, &#8220;Bu otu toplarken dikkatli olmak gerekiyor, \u00e7\u00fcnk\u00fc elinizi tahri\u015f edebiliyor. V\u00fccuda de\u011fdi\u011fi b\u00f6lgede k\u0131zar\u0131kl\u0131k yap\u0131p ka\u015f\u0131nd\u0131r\u0131yor. O y\u00fczden eldiven giymek \u015fart. Yeti\u015fen yerlerden toplay\u0131p ba\u011f haline getiriyorum. Ba\u011f\u0131 15 liradan sat\u0131yorum. Zahmetli bir i\u015f olsa da \u0131s\u0131rgan otundan yap\u0131lan yiyecekler be\u011feniliyor&#8221; diye konu\u015ftu.<br \/><\/p>\n","protected":false},"excerpt":{"rendered":"<p>Ege B\u00f6lgesi\u2019nin \u00f6nde gelen do\u011fal lezzetlerinden biri olan ve halk aras\u0131nda \u2019dalgan\u2019 olarak bilinen \u0131s\u0131rgan otu vatanda\u015flardan yo\u011fun ilgi g\u00f6r\u00fcyor. \u0130nsan v\u00fccuduna de\u011fdi\u011fi b\u00f6lgede k\u0131zar\u0131kl\u0131\u011fa yol a\u00e7an ve can ac\u0131tan \u0131s\u0131rgan otu semt pazarlar\u0131nda yok satarken vatanda\u015flar, &#8220;toplarken can yak\u0131yor, yerken damak \u00e7atlat\u0131yor&#8221; yorumunda bulunuyor. Ege B\u00f6lgesi\u2019nin vazge\u00e7ilmez do\u011fal lezzetlerinden biri olan \u0131s\u0131rgan otu, hem&#8230;<\/p>\n","protected":false},"author":1,"featured_media":17805,"comment_status":"open","ping_status":"open","sticky":false,"template":"","format":"standard","meta":{"_crdt_document":"","footnotes":""},"categories":[1],"tags":[],"class_list":["post-17804","post","type-post","status-publish","format-standard","has-post-thumbnail","hentry","category-guncel"],"_links":{"self":[{"href":"https:\/\/www.egemtv.com\/index.php?rest_route=\/wp\/v2\/posts\/17804","targetHints":{"allow":["GET"]}}],"collection":[{"href":"https:\/\/www.egemtv.com\/index.php?rest_route=\/wp\/v2\/posts"}],"about":[{"href":"https:\/\/www.egemtv.com\/index.php?rest_route=\/wp\/v2\/types\/post"}],"author":[{"embeddable":true,"href":"https:\/\/www.egemtv.com\/index.php?rest_route=\/wp\/v2\/users\/1"}],"replies":[{"embeddable":true,"href":"https:\/\/www.egemtv.com\/index.php?rest_route=%2Fwp%2Fv2%2Fcomments&post=17804"}],"version-history":[{"count":1,"href":"https:\/\/www.egemtv.com\/index.php?rest_route=\/wp\/v2\/posts\/17804\/revisions"}],"predecessor-version":[{"id":17806,"href":"https:\/\/www.egemtv.com\/index.php?rest_route=\/wp\/v2\/posts\/17804\/revisions\/17806"}],"wp:featuredmedia":[{"embeddable":true,"href":"https:\/\/www.egemtv.com\/index.php?rest_route=\/wp\/v2\/media\/17805"}],"wp:attachment":[{"href":"https:\/\/www.egemtv.com\/index.php?rest_route=%2Fwp%2Fv2%2Fmedia&parent=17804"}],"wp:term":[{"taxonomy":"category","embeddable":true,"href":"https:\/\/www.egemtv.com\/index.php?rest_route=%2Fwp%2Fv2%2Fcategories&post=17804"},{"taxonomy":"post_tag","embeddable":true,"href":"https:\/\/www.egemtv.com\/index.php?rest_route=%2Fwp%2Fv2%2Ftags&post=17804"}],"curies":[{"name":"wp","href":"https:\/\/api.w.org\/{rel}","templated":true}]}}