{"id":17801,"date":"2025-02-12T09:39:29","date_gmt":"2025-02-12T06:39:29","guid":{"rendered":"https:\/\/www.egemtv.com\/?p=17801"},"modified":"2025-02-12T09:39:34","modified_gmt":"2025-02-12T06:39:34","slug":"koycegiz-naip-huseyin-anadolu-lisesi-floor-curling-kiz-takimi-il-birincisi","status":"publish","type":"post","link":"https:\/\/www.egemtv.com\/?p=17801","title":{"rendered":"K\u00f6yce\u011fiz Naip H\u00fcseyin Anadolu Lisesi Floor Curling K\u0131z Tak\u0131m\u0131 il birincisi"},"content":{"rendered":"<p>Mu\u011fla\u2019n\u0131n K\u00f6yce\u011fiz il\u00e7esi Naip H\u00fcseyin Anadolu Lisesi Floor Curling K\u0131z Tak\u0131m\u0131 il birincili\u011fi turnuvas\u0131nda \u015fampiyon oldu.<\/p>\n<p>2024-2025 okul sporlar\u0131 floor curling il birincili\u011fi m\u00fcsabakalar\u0131 K\u00f6yce\u011fiz Kapal\u0131 Spor Salonu\u2019nda ger\u00e7ekle\u015fti. Tak\u0131mlardaki sporcular il birincisi olabilmek i\u00e7in b\u00fcy\u00fck efor sarf etti. M\u00fcsabakalar sonunda K\u00f6yce\u011fiz Naip H\u00fcseyin Anadolu Lisesi sporcular\u0131 Rabia \u00c7etinkaya, Ak\u00e7a Elif T\u00fcz\u00fcn, \u00c7i\u011fdem Akar\u2019dan olu\u015fan k\u0131z tak\u0131m\u0131 il \u015fampiyonu olma ba\u015far\u0131s\u0131n\u0131 g\u00f6sterdi. \u00d6d\u00fcl t\u00f6reni ile Foor Curling \u0130l birincili\u011fi m\u00fcsabakalar\u0131 sona erdi. K\u00f6yce\u011fiz Naip H\u00fcseyin Anadolu Lisesi M\u00fcd\u00fcrl\u00fc\u011f\u00fc taraf\u0131ndan yap\u0131lan a\u00e7\u0131klamada, &#8220;\u015eampiyon olan k\u0131z tak\u0131m\u0131m\u0131z\u0131n oyuncular\u0131n\u0131 ve antren\u00f6r\u00fcn\u00fc tebrik ediyoruz. Tak\u0131m\u0131m\u0131z 1-4 Mart tarihleri aras\u0131nda \u0130zmir\u2019de d\u00fczenlenecek olan grup m\u00fcsabakalar\u0131na ilimizi temsilen kat\u0131lacakt\u0131r. Tak\u0131m\u0131m\u0131za grup m\u00fcsabakalar\u0131nda ba\u015far\u0131lar dileriz&#8221; denildi.<br \/><\/p>\n","protected":false},"excerpt":{"rendered":"<p>Mu\u011fla\u2019n\u0131n K\u00f6yce\u011fiz il\u00e7esi Naip H\u00fcseyin Anadolu Lisesi Floor Curling K\u0131z Tak\u0131m\u0131 il birincili\u011fi turnuvas\u0131nda \u015fampiyon oldu. 2024-2025 okul sporlar\u0131 floor curling il birincili\u011fi m\u00fcsabakalar\u0131 K\u00f6yce\u011fiz Kapal\u0131 Spor Salonu\u2019nda ger\u00e7ekle\u015fti. Tak\u0131mlardaki sporcular il birincisi olabilmek i\u00e7in b\u00fcy\u00fck efor sarf etti. M\u00fcsabakalar sonunda K\u00f6yce\u011fiz Naip H\u00fcseyin Anadolu Lisesi sporcular\u0131 Rabia \u00c7etinkaya, Ak\u00e7a Elif T\u00fcz\u00fcn, \u00c7i\u011fdem Akar\u2019dan olu\u015fan&#8230;<\/p>\n","protected":false},"author":1,"featured_media":17802,"comment_status":"open","ping_status":"open","sticky":false,"template":"","format":"standard","meta":{"_crdt_document":"","footnotes":""},"categories":[4],"tags":[],"class_list":["post-17801","post","type-post","status-publish","format-standard","has-post-thumbnail","hentry","category-spor"],"_links":{"self":[{"href":"https:\/\/www.egemtv.com\/index.php?rest_route=\/wp\/v2\/posts\/17801","targetHints":{"allow":["GET"]}}],"collection":[{"href":"https:\/\/www.egemtv.com\/index.php?rest_route=\/wp\/v2\/posts"}],"about":[{"href":"https:\/\/www.egemtv.com\/index.php?rest_route=\/wp\/v2\/types\/post"}],"author":[{"embeddable":true,"href":"https:\/\/www.egemtv.com\/index.php?rest_route=\/wp\/v2\/users\/1"}],"replies":[{"embeddable":true,"href":"https:\/\/www.egemtv.com\/index.php?rest_route=%2Fwp%2Fv2%2Fcomments&post=17801"}],"version-history":[{"count":1,"href":"https:\/\/www.egemtv.com\/index.php?rest_route=\/wp\/v2\/posts\/17801\/revisions"}],"predecessor-version":[{"id":17803,"href":"https:\/\/www.egemtv.com\/index.php?rest_route=\/wp\/v2\/posts\/17801\/revisions\/17803"}],"wp:featuredmedia":[{"embeddable":true,"href":"https:\/\/www.egemtv.com\/index.php?rest_route=\/wp\/v2\/media\/17802"}],"wp:attachment":[{"href":"https:\/\/www.egemtv.com\/index.php?rest_route=%2Fwp%2Fv2%2Fmedia&parent=17801"}],"wp:term":[{"taxonomy":"category","embeddable":true,"href":"https:\/\/www.egemtv.com\/index.php?rest_route=%2Fwp%2Fv2%2Fcategories&post=17801"},{"taxonomy":"post_tag","embeddable":true,"href":"https:\/\/www.egemtv.com\/index.php?rest_route=%2Fwp%2Fv2%2Ftags&post=17801"}],"curies":[{"name":"wp","href":"https:\/\/api.w.org\/{rel}","templated":true}]}}