{"id":17798,"date":"2025-02-12T09:39:24","date_gmt":"2025-02-12T06:39:24","guid":{"rendered":"https:\/\/www.egemtv.com\/?p=17798"},"modified":"2025-02-12T09:39:29","modified_gmt":"2025-02-12T06:39:29","slug":"yasar-universitesi-alan-siralamalarinda-dunyanin-en-iyileri-arasinda","status":"publish","type":"post","link":"https:\/\/www.egemtv.com\/?p=17798","title":{"rendered":"Ya\u015far \u00dcniversitesi alan s\u0131ralamalar\u0131nda d\u00fcnyan\u0131n en iyileri aras\u0131nda"},"content":{"rendered":"<p>Times Higher Education\u2019\u0131n (THE) a\u00e7\u0131klad\u0131\u011f\u0131 D\u00fcnya \u00dcniversite S\u0131ralamas\u0131 2025 listesine giren Ya\u015far \u00dcniversitesi, alan s\u0131ralamalar\u0131nda da Ege B\u00f6lgesi\u2019ndeki birincili\u011fini devam ettirdi.<br \/>\n<br \/>Londra merkezli uluslararas\u0131 y\u00fcksek\u00f6\u011fretim derecelendirme kurulu\u015fu Times Higher Education (THE) &#8220;2025 Alan S\u0131ralamalar\u0131&#8221; listesini a\u00e7\u0131klad\u0131. Scopus\u2019ta yer alan 11 alana g\u00f6re THE D\u00fcnya S\u0131ralamas\u0131\u2019na giren \u00fcniversiteler, belirli say\u0131da akademik \u00fcretim ve ilgili alanda belirli say\u0131da akademisyen s\u0131n\u0131rlar\u0131 do\u011frultusunda de\u011ferlendirildi. Ya\u015far \u00dcniversitesi faaliyet g\u00f6sterdi\u011fi \u00fc\u00e7 alanda da d\u00fcnyan\u0131n say\u0131l\u0131 \u00fcniversiteleri aras\u0131nda yer ald\u0131.<br \/>\n<br \/>Ya\u015far \u00dcniversitesi, Times Higher Education\u2019\u0131n (THE) haz\u0131rlad\u0131\u011f\u0131 &#8220;2025 Alan S\u0131ralamalar\u0131&#8221; listesinde \u0130\u015fletme ve \u0130ktisat alan\u0131nda d\u00fcnyada 501-600 aral\u0131\u011f\u0131nda, T\u00fcrkiye\u2019deki vak\u0131f \u00fcniversiteleri aras\u0131nda ilk 5\u2019te yer ald\u0131. Sosyal Bilimler alan\u0131nda ise d\u00fcnyada 601-800 band\u0131nda konumlanan Ya\u015far \u00dcniversitesi, T\u00fcrkiye\u2019deki vak\u0131f \u00fcniversitelerinde ilk 8\u2019e girdi. Ya\u015far \u00dcniversitesi, M\u00fchendislik alan s\u0131ralamas\u0131nda d\u00fcnyada 1001-1250 aral\u0131\u011f\u0131nda yer alarak \u00fclkemizdeki vak\u0131f \u00fcniversiteleri aras\u0131nda 11\u2019inci oldu.  B\u00f6ylece Ya\u015far \u00dcniversitesi, THE D\u00fcnya \u00dcniversite S\u0131ralamas\u0131 listesinde Ege B\u00f6lgesi\u2019ndeki birincili\u011fini THE Alan S\u0131ralamas\u0131 listesinde girdi\u011fi alanlarda da devam ettirdi.<\/p>\n<p>Uluslararas\u0131 gurur<br \/>\n<br \/>Ya\u015far \u00dcniversitesi M\u00fctevelli Heyet Ba\u015fkan\u0131 Ahmet Yi\u011fitba\u015f\u0131, &#8220;Kuruldu\u011fumuz g\u00fcnden bu yana, kaliteli e\u011fitim ve topluma hizmet anlay\u0131\u015f\u0131n\u0131 en \u00fcst d\u00fczeyde tutarak, gen\u00e7lerimizi yar\u0131n\u0131n d\u00fcnyas\u0131na en iyi \u015fekilde haz\u0131rlamak i\u00e7in \u00e7al\u0131\u015f\u0131yoruz. Giri\u015fimcilik, yenilik\u00e7ilik ve inovasyon kavramlar\u0131n\u0131 benimsemi\u015f bir \u00fcniversite olarak uluslararas\u0131 ba\u015far\u0131lar\u0131m\u0131zla hem b\u00f6lgemiz hem de \u00fclkemiz i\u00e7in yer almak gurur verici. Sahip oldu\u011fumuz deneyim ve altyap\u0131yla da bilimsel ara\u015ft\u0131rmalar\u0131n art\u0131r\u0131lmas\u0131, nitelikli yay\u0131nlar\u0131n desteklenmesi ve giri\u015fimcilik uygulamalar\u0131n\u0131n te\u015fvik edilmesi konusundaki \u00e7abalar\u0131m\u0131z\u0131n \u00fcniversitemizi daha y\u00fcksek seviyelere \u00e7\u0131karaca\u011f\u0131ndan eminim. Ya\u015far \u00dcniversitesi, kuruldu\u011fu g\u00fcnden bu yana e\u011fitim ve ara\u015ft\u0131rmada \u00f6nc\u00fc bir kurum olarak, sadece bilgi \u00fcretmekle kalmam\u0131\u015f, ayn\u0131 zamanda \u00fcretti\u011fi bilgiyi topluma faydal\u0131 olacak \u015fekilde kullanmay\u0131 daima ilke edinmi\u015ftir. Bu sayg\u0131n s\u0131ralamada yer alarak ba\u015far\u0131m\u0131z\u0131 bir kez daha tescillemi\u015f bulunuyoruz&#8221; dedi.<\/p>\n<p>Bilim d\u00fcnyas\u0131na katk\u0131<br \/>\n<br \/>Ya\u015far \u00dcniversitesi Rekt\u00f6r\u00fc Prof. Dr. Levent Kandiller ise uluslararas\u0131 listelerde \u00fcst s\u0131ralarda yer alman\u0131n gurur verici oldu\u011funu belirterek &#8220;E\u011fitimde ve ara\u015ft\u0131rmada \u00fcst\u00fcn ba\u015far\u0131lar elde etmek, bizim i\u00e7in sadece bir hedef de\u011fil ayn\u0131 zamanda bir sorumluluktur. Bir ba\u015fka k\u0131van\u00e7 noktas\u0131 da s\u0131ralamada daha yukar\u0131daki d\u00fcnya \u00fcniversitelerine bakt\u0131\u011f\u0131m\u0131zda, onlar\u0131n girdilerinin onda biriyle, onlar\u0131n \u00fcretti\u011fi akademik \u00e7\u0131kt\u0131lar\u0131 elde etti\u011fimizi g\u00f6rd\u00fck. Bu asl\u0131nda ne kadar etkin ne kadar verimli bir ara\u015ft\u0131rma sistemimiz oldu\u011funun da bir belgesi oldu. Ayn\u0131 zamanda, bilimin ve bilgi \u00fcretiminin s\u0131n\u0131rlar\u0131n\u0131 geni\u015fletmek i\u00e7in ara\u015ft\u0131rma faaliyetlerimize olan deste\u011fimizi artt\u0131rarak bu listedeki yerimizi s\u00fcrd\u00fcrmek ve daha da iyile\u015ftirmek&#8221; \u015feklinde konu\u015ftu.<br \/><\/p>\n","protected":false},"excerpt":{"rendered":"<p>Times Higher Education\u2019\u0131n (THE) a\u00e7\u0131klad\u0131\u011f\u0131 D\u00fcnya \u00dcniversite S\u0131ralamas\u0131 2025 listesine giren Ya\u015far \u00dcniversitesi, alan s\u0131ralamalar\u0131nda da Ege B\u00f6lgesi\u2019ndeki birincili\u011fini devam ettirdi. Londra merkezli uluslararas\u0131 y\u00fcksek\u00f6\u011fretim derecelendirme kurulu\u015fu Times Higher Education (THE) &#8220;2025 Alan S\u0131ralamalar\u0131&#8221; listesini a\u00e7\u0131klad\u0131. Scopus\u2019ta yer alan 11 alana g\u00f6re THE D\u00fcnya S\u0131ralamas\u0131\u2019na giren \u00fcniversiteler, belirli say\u0131da akademik \u00fcretim ve ilgili alanda belirli&#8230;<\/p>\n","protected":false},"author":1,"featured_media":17799,"comment_status":"open","ping_status":"open","sticky":false,"template":"","format":"standard","meta":{"_crdt_document":"","footnotes":""},"categories":[1],"tags":[],"class_list":["post-17798","post","type-post","status-publish","format-standard","has-post-thumbnail","hentry","category-guncel"],"_links":{"self":[{"href":"https:\/\/www.egemtv.com\/index.php?rest_route=\/wp\/v2\/posts\/17798","targetHints":{"allow":["GET"]}}],"collection":[{"href":"https:\/\/www.egemtv.com\/index.php?rest_route=\/wp\/v2\/posts"}],"about":[{"href":"https:\/\/www.egemtv.com\/index.php?rest_route=\/wp\/v2\/types\/post"}],"author":[{"embeddable":true,"href":"https:\/\/www.egemtv.com\/index.php?rest_route=\/wp\/v2\/users\/1"}],"replies":[{"embeddable":true,"href":"https:\/\/www.egemtv.com\/index.php?rest_route=%2Fwp%2Fv2%2Fcomments&post=17798"}],"version-history":[{"count":1,"href":"https:\/\/www.egemtv.com\/index.php?rest_route=\/wp\/v2\/posts\/17798\/revisions"}],"predecessor-version":[{"id":17800,"href":"https:\/\/www.egemtv.com\/index.php?rest_route=\/wp\/v2\/posts\/17798\/revisions\/17800"}],"wp:featuredmedia":[{"embeddable":true,"href":"https:\/\/www.egemtv.com\/index.php?rest_route=\/wp\/v2\/media\/17799"}],"wp:attachment":[{"href":"https:\/\/www.egemtv.com\/index.php?rest_route=%2Fwp%2Fv2%2Fmedia&parent=17798"}],"wp:term":[{"taxonomy":"category","embeddable":true,"href":"https:\/\/www.egemtv.com\/index.php?rest_route=%2Fwp%2Fv2%2Fcategories&post=17798"},{"taxonomy":"post_tag","embeddable":true,"href":"https:\/\/www.egemtv.com\/index.php?rest_route=%2Fwp%2Fv2%2Ftags&post=17798"}],"curies":[{"name":"wp","href":"https:\/\/api.w.org\/{rel}","templated":true}]}}