{"id":17747,"date":"2025-02-11T18:07:30","date_gmt":"2025-02-11T15:07:30","guid":{"rendered":"https:\/\/www.egemtv.com\/?p=17747"},"modified":"2025-02-11T18:07:35","modified_gmt":"2025-02-11T15:07:35","slug":"funye-ile-patlatilan-supheli-canta-bos-cikti","status":"publish","type":"post","link":"https:\/\/www.egemtv.com\/?p=17747","title":{"rendered":"F\u00fcnye ile patlat\u0131lan \u015f\u00fcpheli \u00e7anta bo\u015f \u00e7\u0131kt\u0131"},"content":{"rendered":"<p>Ayd\u0131n\u2019\u0131n Efeler il\u00e7esinde kald\u0131r\u0131m kenar\u0131na b\u0131rak\u0131lan \u015f\u00fcpheli \u00e7anta ekipleri harekete ge\u00e7irdi, f\u00fcnye ile patlat\u0131lan \u00e7anta, bo\u015f \u00e7\u0131kt\u0131.<br \/>\n<br \/>Olay, Efeler il\u00e7esi Mimar Sinan Mahallesi \u015eair \u00d6mer Bulvar\u0131 \u00fczerinde meydana geldi. Edinilen bilgiye g\u00f6re, b\u00f6lgedeki vatanda\u015flar kald\u0131r\u0131m kenar\u0131na b\u0131rak\u0131lm\u0131\u015f \u015f\u00fcpheli bir \u00e7anta oldu\u011funu fark etti. Bir s\u00fcre takip eden vatanda\u015flar, \u00e7antay\u0131 almaya gelen olmay\u0131nca tedbir ama\u00e7l\u0131 durumu 112 Acil \u00c7a\u011fr\u0131 Merkezi\u2019ne bildirdi. \u0130hbar \u00fczerine b\u00f6lgeye polis ekipleri sevk edildi. K\u0131sa s\u00fcrede b\u00f6lgeye gelen ekipler, \u00e7evrede geni\u015f g\u00fcvenlik \u00f6nlemi ald\u0131. \u015e\u00fcpheli \u00e7antan\u0131n yak\u0131n\u0131ndaki apartmanlarda bulunan vatanda\u015flar, balkondan olan biteni izlerken kimi vatanda\u015flar da cep telefonlar\u0131 ile o anlar\u0131 kaydetti. B\u00f6lgeye sevk edilen bomba imha ekipleri, korumal\u0131 k\u0131yafet ile \u00e7antay\u0131 incelemesinin ard\u0131ndan, balkonlardaki vatanda\u015flar\u0131n can g\u00fcvenlikleri i\u00e7in, i\u00e7eriye girmesini anons etti. Vatanda\u015flar\u0131n i\u00e7eri girmesi ve g\u00fcvenli\u011fin sa\u011flanmas\u0131n\u0131n ard\u0131ndan \u00e7anta, f\u00fcnye yard\u0131m\u0131 ile kontroll\u00fc bir \u015fekilde  patlat\u0131ld\u0131. \u00c7anta bo\u015f \u00e7\u0131karken, olay ile ilgili inceleme ba\u015flat\u0131ld\u0131.<br \/><\/p>\n","protected":false},"excerpt":{"rendered":"<p>Ayd\u0131n\u2019\u0131n Efeler il\u00e7esinde kald\u0131r\u0131m kenar\u0131na b\u0131rak\u0131lan \u015f\u00fcpheli \u00e7anta ekipleri harekete ge\u00e7irdi, f\u00fcnye ile patlat\u0131lan \u00e7anta, bo\u015f \u00e7\u0131kt\u0131. Olay, Efeler il\u00e7esi Mimar Sinan Mahallesi \u015eair \u00d6mer Bulvar\u0131 \u00fczerinde meydana geldi. Edinilen bilgiye g\u00f6re, b\u00f6lgedeki vatanda\u015flar kald\u0131r\u0131m kenar\u0131na b\u0131rak\u0131lm\u0131\u015f \u015f\u00fcpheli bir \u00e7anta oldu\u011funu fark etti. Bir s\u00fcre takip eden vatanda\u015flar, \u00e7antay\u0131 almaya gelen olmay\u0131nca tedbir ama\u00e7l\u0131 durumu&#8230;<\/p>\n","protected":false},"author":1,"featured_media":17748,"comment_status":"open","ping_status":"open","sticky":false,"template":"","format":"standard","meta":{"_crdt_document":"","footnotes":""},"categories":[5],"tags":[],"class_list":["post-17747","post","type-post","status-publish","format-standard","has-post-thumbnail","hentry","category-asayis"],"_links":{"self":[{"href":"https:\/\/www.egemtv.com\/index.php?rest_route=\/wp\/v2\/posts\/17747","targetHints":{"allow":["GET"]}}],"collection":[{"href":"https:\/\/www.egemtv.com\/index.php?rest_route=\/wp\/v2\/posts"}],"about":[{"href":"https:\/\/www.egemtv.com\/index.php?rest_route=\/wp\/v2\/types\/post"}],"author":[{"embeddable":true,"href":"https:\/\/www.egemtv.com\/index.php?rest_route=\/wp\/v2\/users\/1"}],"replies":[{"embeddable":true,"href":"https:\/\/www.egemtv.com\/index.php?rest_route=%2Fwp%2Fv2%2Fcomments&post=17747"}],"version-history":[{"count":1,"href":"https:\/\/www.egemtv.com\/index.php?rest_route=\/wp\/v2\/posts\/17747\/revisions"}],"predecessor-version":[{"id":17749,"href":"https:\/\/www.egemtv.com\/index.php?rest_route=\/wp\/v2\/posts\/17747\/revisions\/17749"}],"wp:featuredmedia":[{"embeddable":true,"href":"https:\/\/www.egemtv.com\/index.php?rest_route=\/wp\/v2\/media\/17748"}],"wp:attachment":[{"href":"https:\/\/www.egemtv.com\/index.php?rest_route=%2Fwp%2Fv2%2Fmedia&parent=17747"}],"wp:term":[{"taxonomy":"category","embeddable":true,"href":"https:\/\/www.egemtv.com\/index.php?rest_route=%2Fwp%2Fv2%2Fcategories&post=17747"},{"taxonomy":"post_tag","embeddable":true,"href":"https:\/\/www.egemtv.com\/index.php?rest_route=%2Fwp%2Fv2%2Ftags&post=17747"}],"curies":[{"name":"wp","href":"https:\/\/api.w.org\/{rel}","templated":true}]}}