{"id":17744,"date":"2025-02-11T18:07:24","date_gmt":"2025-02-11T15:07:24","guid":{"rendered":"https:\/\/www.egemtv.com\/?p=17744"},"modified":"2025-02-11T18:07:30","modified_gmt":"2025-02-11T15:07:30","slug":"merkez-bankasi-baskani-karahan-denizlide-is-dunyasi-temsilcileriyle-bir-araya-geldi","status":"publish","type":"post","link":"https:\/\/www.egemtv.com\/?p=17744","title":{"rendered":"Merkez Bankas\u0131 Ba\u015fkan\u0131 Karahan, Denizli\u2019de i\u015f d\u00fcnyas\u0131 temsilcileriyle bir araya geldi"},"content":{"rendered":"<p>T\u00fcrkiye Cumhuriyet Merkez Bankas\u0131 Ba\u015fkan\u0131 Dr. Fatih Karahan, Denizli\u2019de d\u00fczenlenen TCMB Para Politikalar\u0131 ve Makroekonomik G\u00f6r\u00fcn\u00fcm Toplant\u0131s\u0131nda i\u015f d\u00fcnyas\u0131 temsilcileriyle bir araya geldi.<\/p>\n<p>T\u00fcrkiye Cumhuriyet Merkez Bankas\u0131 Ba\u015fkan\u0131 Dr. Fatih Karahan, Denizlili \u0130\u015f \u0130nsanlar\u0131yla TCMB Para Politikalar\u0131 ve Makroekonomik G\u00f6r\u00fcn\u00fcm Toplant\u0131s\u0131n\u0131 ger\u00e7ekle\u015ftirmek amac\u0131yla Denizli\u2019ye geldi.  Ba\u015fkan Dr. Karahan, Denizli Valisi \u00d6mer Faruk Co\u015fkuna makam\u0131nda yapt\u0131\u011f\u0131 ziyaret etti.  Ziyaretin ard\u0131ndan TCMB Para Politikalar\u0131 ve Makroekonomik G\u00f6r\u00fcn\u00fcm Toplant\u0131s\u0131na ger\u00e7ekle\u015ftirmek i\u00e7in Nihat Zeybek\u00e7i Kongre ve K\u00fclt\u00fcr Merkezinde i\u015f insanlar\u0131yla bulu\u015ftu.<br \/>\n<br \/>Programa Ba\u015fkan Karahan\u2019\u0131n yan\u0131 s\u0131ra Denizli Valisi \u00d6mer Faruk Co\u015fkun, AK Parti Ekonomi \u0130\u015flerinden Sorumlu Genel Ba\u015fkan Yard\u0131mc\u0131s\u0131 Nihat Zeybek\u00e7i, Denizli B\u00fcy\u00fck\u015fehir Belediye Ba\u015fkan\u0131 B\u00fclent Nuri \u00c7avu\u015fo\u011flu, Merkezefendi Belediye Ba\u015fkan\u0131 \u015eeniz Do\u011fan, DSO Ba\u015fkan\u0131 Selim Kasapo\u011flu, DTO Ba\u015fkan\u0131 U\u011fur Erdo\u011fan, DEN\u0130B Ba\u015fkan\u0131 H\u00fcseyin Memi\u015fo\u011flu, Denizli OSB Y\u00f6netim Kurulu Ba\u015fkan\u0131 Derya Baltal\u0131, kurum m\u00fcd\u00fcrleri ve i\u015f d\u00fcnyas\u0131ndan temsilciler kat\u0131ld\u0131.<\/p>\n<p>&#8220;Denizli t\u00fcketti\u011finden fazlas\u0131n\u0131 \u00fcreten bir \u015fehir&#8221;<br \/>\n<br \/>Merkez Bankas\u0131 Ba\u015fkan\u0131 Dr. Fatih Karahan\u2019\u0131 ve heyetini Denizli\u2019de a\u011f\u0131rl\u0131yor olmaktan onur mutluluk duydu\u011funu belirten Denizli Valisi \u00d6mer Faruk Co\u015fkun yapt\u0131\u011f\u0131 konu\u015fmada,  &#8220;Denizli \u00fcreten bir \u015fehir hatta t\u00fcketti\u011finden fazlas\u0131n\u0131 \u00fcreten bir \u015fehir. Denizlili i\u015f d\u00fcnyas\u0131n\u0131n ge\u00e7en y\u0131l yakla\u015f\u0131k 4 bu\u00e7uk milyar dolar ihra\u00e7t\u0131 oldu. Denizli \u00fcretti\u011fini ayn\u0131 zamanda ihracat eden ve bu anlamda ciddi potansiyeli olan bir \u015fehir. Bundan sonraki s\u00fcre\u00e7te de buradaki i\u015f d\u00fcnyas\u0131n\u0131 temsilcilerinin gayretleriyle hep birlikte Denizli\u2019mizde \u00fcretmeye devam edece\u011fiz&#8221; ifadelerini kulland\u0131.<\/p>\n<p>&#8220;Enflasyonu ancak ve ancak \u00fcreterek  d\u00fc\u015f\u00fcrebiliriz&#8221;<br \/>\n<br \/>\u00dcretken bir T\u00fcrkiye ile enflasyona kar\u015f\u0131 m\u00fccadele edilece\u011fini belirten AK Parti Ekonomi \u0130\u015flerinden Sorumlu Genel Ba\u015fkan Yard\u0131mc\u0131s\u0131 Nihat Zeybekci ise &#8220;Bu \u00fclke kalk\u0131nacaksa, \u00fclkemizi b\u00fcy\u00fcteceksek ve Gazi Mustafa Kemal Atat\u00fcrk\u2019\u00fcn hedef g\u00f6sterdi\u011fi muas\u0131r devletler seviyesine gelemesin hedefliyorsak bunu ancak ve ancak daha fazla \u00fcreterek, daha fazla ihracat yaparak ba\u015farabiliriz. Bunu da sadece ve sadece \u00f6zel sekt\u00f6rle yapaca\u011f\u0131z. T\u00fcrkiye Cumhuriyetinin ilk y\u0131llar\u0131nda sekt\u00f6rlerin olu\u015fmas\u0131 i\u00e7in kurulan kurulu\u015flar vard\u0131. Devlet \u00f6nc\u00fc olarak baz\u0131 fabrikalar kurarak sekt\u00f6re \u00f6nc\u00fc olmak zorundayd\u0131. \u015eimdi Devlet \u00f6nc\u00fc oldu sekt\u00f6rleri olu\u015fturdu \u015fimdi bu \u00fcretimlere \u00f6zel sekt\u00f6rler devrald\u0131 devam ediyor. Bundan sonrada sonra da \u00f6zel sekt\u00f6rde olacak. B\u00fcy\u00fcmeyi de \u015fimdiye kadar oldu\u011fu gibi yine \u00f6zel sekt\u00f6rle devam edece\u011fiz. Merkez bankam\u0131z\u0131n alm\u0131\u015f oldu\u011fu ekonomik tedbirlerle, s\u0131k\u0131 para politikalar\u0131n\u0131 sonuna kadar destekliyoruz. Enflasyonla ilgili ilk \u00e7ekilen setten sonra enflasyonla m\u00fccadele edecek, enflasyonun k\u00f6k\u00fcn\u00fc kaz\u0131yacak \u015fey \u00fcretimi art\u0131rmakt\u0131r. \u00dcretimi art\u0131rmak i\u00e7in bir seferberlik ba\u015flad\u0131 ve durmadan devam edecek. Enflasyonla topyek\u00fbn m\u00fccadele edece\u011fiz. K\u00fcresel ekonomik dengelerde ya\u015fanan de\u011fi\u015fimlere kar\u015f\u0131 \u00fclkemizi en iyi \u015fekilde haz\u0131rlayaca\u011f\u0131z&#8221; dedi.<br \/><\/p>\n","protected":false},"excerpt":{"rendered":"<p>T\u00fcrkiye Cumhuriyet Merkez Bankas\u0131 Ba\u015fkan\u0131 Dr. Fatih Karahan, Denizli\u2019de d\u00fczenlenen TCMB Para Politikalar\u0131 ve Makroekonomik G\u00f6r\u00fcn\u00fcm Toplant\u0131s\u0131nda i\u015f d\u00fcnyas\u0131 temsilcileriyle bir araya geldi. T\u00fcrkiye Cumhuriyet Merkez Bankas\u0131 Ba\u015fkan\u0131 Dr. Fatih Karahan, Denizlili \u0130\u015f \u0130nsanlar\u0131yla TCMB Para Politikalar\u0131 ve Makroekonomik G\u00f6r\u00fcn\u00fcm Toplant\u0131s\u0131n\u0131 ger\u00e7ekle\u015ftirmek amac\u0131yla Denizli\u2019ye geldi. Ba\u015fkan Dr. Karahan, Denizli Valisi \u00d6mer Faruk Co\u015fkuna makam\u0131nda yapt\u0131\u011f\u0131&#8230;<\/p>\n","protected":false},"author":1,"featured_media":17745,"comment_status":"open","ping_status":"open","sticky":false,"template":"","format":"standard","meta":{"_crdt_document":"","footnotes":""},"categories":[125],"tags":[],"class_list":["post-17744","post","type-post","status-publish","format-standard","has-post-thumbnail","hentry","category-ekonomi"],"_links":{"self":[{"href":"https:\/\/www.egemtv.com\/index.php?rest_route=\/wp\/v2\/posts\/17744","targetHints":{"allow":["GET"]}}],"collection":[{"href":"https:\/\/www.egemtv.com\/index.php?rest_route=\/wp\/v2\/posts"}],"about":[{"href":"https:\/\/www.egemtv.com\/index.php?rest_route=\/wp\/v2\/types\/post"}],"author":[{"embeddable":true,"href":"https:\/\/www.egemtv.com\/index.php?rest_route=\/wp\/v2\/users\/1"}],"replies":[{"embeddable":true,"href":"https:\/\/www.egemtv.com\/index.php?rest_route=%2Fwp%2Fv2%2Fcomments&post=17744"}],"version-history":[{"count":1,"href":"https:\/\/www.egemtv.com\/index.php?rest_route=\/wp\/v2\/posts\/17744\/revisions"}],"predecessor-version":[{"id":17746,"href":"https:\/\/www.egemtv.com\/index.php?rest_route=\/wp\/v2\/posts\/17744\/revisions\/17746"}],"wp:featuredmedia":[{"embeddable":true,"href":"https:\/\/www.egemtv.com\/index.php?rest_route=\/wp\/v2\/media\/17745"}],"wp:attachment":[{"href":"https:\/\/www.egemtv.com\/index.php?rest_route=%2Fwp%2Fv2%2Fmedia&parent=17744"}],"wp:term":[{"taxonomy":"category","embeddable":true,"href":"https:\/\/www.egemtv.com\/index.php?rest_route=%2Fwp%2Fv2%2Fcategories&post=17744"},{"taxonomy":"post_tag","embeddable":true,"href":"https:\/\/www.egemtv.com\/index.php?rest_route=%2Fwp%2Fv2%2Ftags&post=17744"}],"curies":[{"name":"wp","href":"https:\/\/api.w.org\/{rel}","templated":true}]}}