{"id":17737,"date":"2025-02-11T17:58:18","date_gmt":"2025-02-11T14:58:18","guid":{"rendered":"https:\/\/www.egemtv.com\/?p=17737"},"modified":"2025-02-11T17:58:24","modified_gmt":"2025-02-11T14:58:24","slug":"baskan-cercioglunun-nazillide-gerceklestirdigi-calismalar-suruyor","status":"publish","type":"post","link":"https:\/\/www.egemtv.com\/?p=17737","title":{"rendered":"Ba\u015fkan \u00c7er\u00e7io\u011flu\u2019nun Nazilli\u2019de ger\u00e7ekle\u015ftirdi\u011fi \u00e7al\u0131\u015fmalar s\u00fcr\u00fcyor"},"content":{"rendered":"<p>Ayd\u0131n B\u00fcy\u00fck\u015fehir Belediyesi kentin d\u00f6rt bir yan\u0131nda ger\u00e7ekle\u015ftirdi\u011fi \u00e7al\u0131\u015fmalara h\u0131z kesmeden devam ediyor. B\u00fcy\u00fck\u015fehir Belediyesi Park ve Bah\u00e7eler Dairesi Ba\u015fkanl\u0131\u011f\u0131, \u00c7evre Koruma ve Kontrol Dairesi Ba\u015fkanl\u0131\u011f\u0131 ile Ula\u015f\u0131m Dairesi Ba\u015fkanl\u0131\u011f\u0131 ekipleri Nazilli il\u00e7esinde kapsaml\u0131 \u00e7al\u0131\u015fma ger\u00e7ekle\u015ftirdi.<\/p>\n<p>B\u00fcy\u00fck\u015fehir Belediyesi, t\u00fcm il\u00e7elerde ger\u00e7ekle\u015ftirdi\u011fi kente de\u011fer katan \u00e7al\u0131\u015fmalar\u0131 ile Ayd\u0131nl\u0131lara hizmet ula\u015ft\u0131rmay\u0131 s\u00fcrd\u00fcr\u00fcyor. Mesai mefhumu g\u00f6zetmeksizin hizmetlerini s\u00fcrd\u00fcren B\u00fcy\u00fck\u015fehir Belediyesi, Nazilli il\u00e7esinde 58 personel ve 13 ara\u00e7la \u00e7evre bak\u0131m, d\u00fczenleme ve yenileme \u00e7al\u0131\u015fmas\u0131 ger\u00e7ekle\u015ftirdi.<\/p>\n<p>Park ve Bah\u00e7eler Dairesi Ba\u015fkanl\u0131\u011f\u0131 ekipleri, Nazilli\u2019yi B\u00fcy\u00fck\u015fehir Belediyesi\u2019nin fidanl\u0131klar\u0131nda yeti\u015ftirilen mevsimlik \u00e7i\u00e7ekler ile s\u00fcsledi. Do\u011fan\u0131n rengarenk tonlar\u0131 ile s\u00fcslenen Nazilli il\u00e7esinin genelinde peyzaj ve \u00e7evre d\u00fczenlemesi de ger\u00e7ekle\u015ftiren ekipler, trim\u00f6r ve \u00e7\u0131rpma faaliyetlerini de h\u0131zla tamamlad\u0131.<\/p>\n<p>Ula\u015f\u0131m Dairesi Ba\u015fkanl\u0131\u011f\u0131 ekipleri taraf\u0131ndan il\u00e7e genelinde bulunan sinyalizasyon sistemleri ile trafik levhalar\u0131n\u0131n bak\u0131m \u00e7al\u0131\u015fmalar\u0131 ger\u00e7ekle\u015ftirildi. Yaya ge\u00e7itlerini ve yol \u00e7izgilerini de boyayan ekiplerin hummal\u0131 \u00e7al\u0131\u015fmalar\u0131 s\u00fcr\u00fcc\u00fclerden tam not ald\u0131. Otob\u00fcs duraklar\u0131n\u0131n bak\u0131m\u0131n\u0131 da ger\u00e7ekle\u015ftiren ekipler, her g\u00fcn y\u00fczlerce Nazillilinin kulland\u0131\u011f\u0131 alanlar\u0131 yeniledi.<\/p>\n<p>\u00c7evre Koruma ve Kontrol Dairesi Ba\u015fkanl\u0131\u011f\u0131 ekipleri taraf\u0131ndan gece g\u00fcnd\u00fcz demeden ger\u00e7ekle\u015ftirilen \u00e7al\u0131\u015fmalar s\u00fcr\u00fcyor. Cadde, bulvar ve otob\u00fcs duraklar\u0131nda ger\u00e7ekle\u015ftirilen \u00e7evre koruma ve bak\u0131m faaliyetleri ile Nazilli p\u0131r\u0131l p\u0131r\u0131l oldu.<\/p>\n<p>&#8220;Ayd\u0131n\u0131m\u0131z\u0131n d\u00f6rt bir yan\u0131nda \u00e7al\u0131\u015fmalar\u0131m\u0131za devam edece\u011fiz&#8221;<br \/>\n<br \/>Ayd\u0131n B\u00fcy\u00fck\u015fehir Belediye Ba\u015fkan\u0131 \u00d6zlem \u00c7er\u00e7io\u011flu, Ayd\u0131n\u2019\u0131n t\u00fcm il\u00e7elerinde ger\u00e7ekle\u015ftirilen \u00e7al\u0131\u015fmalar\u0131n devam edece\u011fini belirtti. Ba\u015fkan \u00c7er\u00e7io\u011flu, &#8220;G\u00fczel Ayd\u0131n\u0131m\u0131z\u0131n t\u00fcm il\u00e7elerinde ger\u00e7ekle\u015ftirdi\u011fimiz \u00e7al\u0131\u015fmalar\u0131m\u0131z\u0131 s\u00fcrd\u00fcr\u00fcyoruz. Nazilli il\u00e7emizde ger\u00e7ekle\u015ftirdi\u011fimiz hummal\u0131 \u00e7al\u0131\u015fmalar\u0131 tamamlayarak hizmetlerimizi vatanda\u015flar\u0131m\u0131z ile bulu\u015fturduk. \u00c7al\u0131\u015fmalar\u0131m\u0131za devam edece\u011fiz&#8221; ifadelerini kulland\u0131.<\/p>\n<p>\u00c7al\u0131\u015fmalardan memnuniyet duyduklar\u0131n\u0131 belirten vatanda\u015flar, hizmetlerinden dolay\u0131 Ayd\u0131n B\u00fcy\u00fck\u015fehir Belediye Ba\u015fkan\u0131 \u00d6zlem \u00c7er\u00e7io\u011flu\u2019na te\u015fekk\u00fcr etti.<br \/><\/p>\n","protected":false},"excerpt":{"rendered":"<p>Ayd\u0131n B\u00fcy\u00fck\u015fehir Belediyesi kentin d\u00f6rt bir yan\u0131nda ger\u00e7ekle\u015ftirdi\u011fi \u00e7al\u0131\u015fmalara h\u0131z kesmeden devam ediyor. B\u00fcy\u00fck\u015fehir Belediyesi Park ve Bah\u00e7eler Dairesi Ba\u015fkanl\u0131\u011f\u0131, \u00c7evre Koruma ve Kontrol Dairesi Ba\u015fkanl\u0131\u011f\u0131 ile Ula\u015f\u0131m Dairesi Ba\u015fkanl\u0131\u011f\u0131 ekipleri Nazilli il\u00e7esinde kapsaml\u0131 \u00e7al\u0131\u015fma ger\u00e7ekle\u015ftirdi. B\u00fcy\u00fck\u015fehir Belediyesi, t\u00fcm il\u00e7elerde ger\u00e7ekle\u015ftirdi\u011fi kente de\u011fer katan \u00e7al\u0131\u015fmalar\u0131 ile Ayd\u0131nl\u0131lara hizmet ula\u015ft\u0131rmay\u0131 s\u00fcrd\u00fcr\u00fcyor. Mesai mefhumu g\u00f6zetmeksizin hizmetlerini s\u00fcrd\u00fcren&#8230;<\/p>\n","protected":false},"author":1,"featured_media":17738,"comment_status":"open","ping_status":"open","sticky":false,"template":"","format":"standard","meta":{"_crdt_document":"","footnotes":""},"categories":[1],"tags":[],"class_list":["post-17737","post","type-post","status-publish","format-standard","has-post-thumbnail","hentry","category-guncel"],"_links":{"self":[{"href":"https:\/\/www.egemtv.com\/index.php?rest_route=\/wp\/v2\/posts\/17737","targetHints":{"allow":["GET"]}}],"collection":[{"href":"https:\/\/www.egemtv.com\/index.php?rest_route=\/wp\/v2\/posts"}],"about":[{"href":"https:\/\/www.egemtv.com\/index.php?rest_route=\/wp\/v2\/types\/post"}],"author":[{"embeddable":true,"href":"https:\/\/www.egemtv.com\/index.php?rest_route=\/wp\/v2\/users\/1"}],"replies":[{"embeddable":true,"href":"https:\/\/www.egemtv.com\/index.php?rest_route=%2Fwp%2Fv2%2Fcomments&post=17737"}],"version-history":[{"count":1,"href":"https:\/\/www.egemtv.com\/index.php?rest_route=\/wp\/v2\/posts\/17737\/revisions"}],"predecessor-version":[{"id":17742,"href":"https:\/\/www.egemtv.com\/index.php?rest_route=\/wp\/v2\/posts\/17737\/revisions\/17742"}],"wp:featuredmedia":[{"embeddable":true,"href":"https:\/\/www.egemtv.com\/index.php?rest_route=\/wp\/v2\/media\/17738"}],"wp:attachment":[{"href":"https:\/\/www.egemtv.com\/index.php?rest_route=%2Fwp%2Fv2%2Fmedia&parent=17737"}],"wp:term":[{"taxonomy":"category","embeddable":true,"href":"https:\/\/www.egemtv.com\/index.php?rest_route=%2Fwp%2Fv2%2Fcategories&post=17737"},{"taxonomy":"post_tag","embeddable":true,"href":"https:\/\/www.egemtv.com\/index.php?rest_route=%2Fwp%2Fv2%2Ftags&post=17737"}],"curies":[{"name":"wp","href":"https:\/\/api.w.org\/{rel}","templated":true}]}}