{"id":17731,"date":"2025-02-11T17:58:11","date_gmt":"2025-02-11T14:58:11","guid":{"rendered":"https:\/\/www.egemtv.com\/?p=17731"},"modified":"2025-02-11T17:58:18","modified_gmt":"2025-02-11T14:58:18","slug":"aydin-ticaret-borsasindan-kuru-incir-ihracatcilari-icin-onemli-girisim","status":"publish","type":"post","link":"https:\/\/www.egemtv.com\/?p=17731","title":{"rendered":"Ayd\u0131n Ticaret Borsas\u0131\u2019ndan Kuru \u0130ncir \u0130hracat\u00e7\u0131lar\u0131 i\u00e7in \u00f6nemli giri\u015fim"},"content":{"rendered":"<p>Ayd\u0131n Ticaret Borsas\u0131 Y\u00f6netim Kurulu Ba\u015fkan\u0131 Fevzi \u00c7ondur, Meclis Ba\u015fkan\u0131 A. Bahri Erdel ve Y\u00f6netim Kurulu Ba\u015fkan Yard\u0131mc\u0131s\u0131 Cengiz \u00dclgen, Ticaret Bakanl\u0131\u011f\u0131 G\u00fcmr\u00fckler Genel M\u00fcd\u00fcr\u00fc Mustafa G\u00fcm\u00fc\u015f\u2019\u00fc makam\u0131nda ziyaret etti.<br \/>\n<br \/>Ziyarette, T\u00fcrkiye\u2019nin kuru incir ihracat\u0131nda d\u00fcnya lideri oldu\u011funu vurgulayan Fevzi \u00c7ondur, ihracat s\u00fcrecinde kar\u015f\u0131la\u015f\u0131lan baz\u0131 sorunlar\u0131 g\u00fcndeme getirdi. \u00d6zellikle, ihra\u00e7 edilen kuru incirlerin \u00e7e\u015fitli nedenlerle \u00fclkeye geri d\u00f6nmesi durumunda ilk s\u0131n\u0131r giri\u015f noktas\u0131ndaki g\u00fcmr\u00fck i\u015flemlerinin ihracat\u00e7\u0131lar a\u00e7\u0131s\u0131ndan s\u0131k\u0131nt\u0131 olu\u015fturdu\u011funu ifade etti.<br \/>\n<br \/>\u00c7ondur, ihracat\u00e7\u0131lar\u0131n ma\u011fduriyet ya\u015famamas\u0131 ad\u0131na geri d\u00f6nen \u00fcr\u00fcnlerin ilk s\u0131n\u0131r giri\u015f noktas\u0131ndaki G\u00fcmr\u00fck M\u00fcd\u00fcrl\u00fc\u011f\u00fc\u2019ne ba\u011fl\u0131 olarak Ayd\u0131n\u2019da bulunan antrepolara \u00e7ekilmesi talebini iletti. Bu d\u00fczenlemenin, \u00fcr\u00fcnlerin g\u0131da g\u00fcvenli\u011fi kontrolleri tamamlanana kadar Ayd\u0131n\u2019daki antrepolarda muhafaza edilmesini sa\u011flayaca\u011f\u0131n\u0131 belirtti.<br \/>\n<br \/>G\u00f6r\u00fc\u015fmenin olumlu ge\u00e7ti\u011fi ve Ayd\u0131n Ticaret Borsas\u0131 ihracat\u00e7\u0131 \u00fcyelerinin taleplerinin dikkate al\u0131nmas\u0131 y\u00f6n\u00fcnde de\u011ferlendirmeler yap\u0131ld\u0131\u011f\u0131 bildirildi. Ziyaretin sonunda, Ayd\u0131n Ticaret Borsas\u0131 heyeti, ihracat\u00e7\u0131lar\u0131n ya\u015fad\u0131\u011f\u0131 sorunlar\u0131n \u00e7\u00f6z\u00fcm\u00fcne y\u00f6nelik desteklerinden dolay\u0131 G\u00fcmr\u00fckler Genel M\u00fcd\u00fcr\u00fc Mustafa G\u00fcm\u00fc\u015f\u2019e te\u015fekk\u00fcr etti.<br \/><\/p>\n","protected":false},"excerpt":{"rendered":"<p>Ayd\u0131n Ticaret Borsas\u0131 Y\u00f6netim Kurulu Ba\u015fkan\u0131 Fevzi \u00c7ondur, Meclis Ba\u015fkan\u0131 A. Bahri Erdel ve Y\u00f6netim Kurulu Ba\u015fkan Yard\u0131mc\u0131s\u0131 Cengiz \u00dclgen, Ticaret Bakanl\u0131\u011f\u0131 G\u00fcmr\u00fckler Genel M\u00fcd\u00fcr\u00fc Mustafa G\u00fcm\u00fc\u015f\u2019\u00fc makam\u0131nda ziyaret etti. Ziyarette, T\u00fcrkiye\u2019nin kuru incir ihracat\u0131nda d\u00fcnya lideri oldu\u011funu vurgulayan Fevzi \u00c7ondur, ihracat s\u00fcrecinde kar\u015f\u0131la\u015f\u0131lan baz\u0131 sorunlar\u0131 g\u00fcndeme getirdi. \u00d6zellikle, ihra\u00e7 edilen kuru incirlerin \u00e7e\u015fitli nedenlerle&#8230;<\/p>\n","protected":false},"author":1,"featured_media":17732,"comment_status":"open","ping_status":"open","sticky":false,"template":"","format":"standard","meta":{"_crdt_document":"","footnotes":""},"categories":[125],"tags":[],"class_list":["post-17731","post","type-post","status-publish","format-standard","has-post-thumbnail","hentry","category-ekonomi"],"_links":{"self":[{"href":"https:\/\/www.egemtv.com\/index.php?rest_route=\/wp\/v2\/posts\/17731","targetHints":{"allow":["GET"]}}],"collection":[{"href":"https:\/\/www.egemtv.com\/index.php?rest_route=\/wp\/v2\/posts"}],"about":[{"href":"https:\/\/www.egemtv.com\/index.php?rest_route=\/wp\/v2\/types\/post"}],"author":[{"embeddable":true,"href":"https:\/\/www.egemtv.com\/index.php?rest_route=\/wp\/v2\/users\/1"}],"replies":[{"embeddable":true,"href":"https:\/\/www.egemtv.com\/index.php?rest_route=%2Fwp%2Fv2%2Fcomments&post=17731"}],"version-history":[{"count":1,"href":"https:\/\/www.egemtv.com\/index.php?rest_route=\/wp\/v2\/posts\/17731\/revisions"}],"predecessor-version":[{"id":17736,"href":"https:\/\/www.egemtv.com\/index.php?rest_route=\/wp\/v2\/posts\/17731\/revisions\/17736"}],"wp:featuredmedia":[{"embeddable":true,"href":"https:\/\/www.egemtv.com\/index.php?rest_route=\/wp\/v2\/media\/17732"}],"wp:attachment":[{"href":"https:\/\/www.egemtv.com\/index.php?rest_route=%2Fwp%2Fv2%2Fmedia&parent=17731"}],"wp:term":[{"taxonomy":"category","embeddable":true,"href":"https:\/\/www.egemtv.com\/index.php?rest_route=%2Fwp%2Fv2%2Fcategories&post=17731"},{"taxonomy":"post_tag","embeddable":true,"href":"https:\/\/www.egemtv.com\/index.php?rest_route=%2Fwp%2Fv2%2Ftags&post=17731"}],"curies":[{"name":"wp","href":"https:\/\/api.w.org\/{rel}","templated":true}]}}