{"id":17726,"date":"2025-02-11T17:58:03","date_gmt":"2025-02-11T14:58:03","guid":{"rendered":"https:\/\/www.egemtv.com\/?p=17726"},"modified":"2025-02-11T17:58:10","modified_gmt":"2025-02-11T14:58:10","slug":"itfaiye-araci-devrildi-3-yarali","status":"publish","type":"post","link":"https:\/\/www.egemtv.com\/?p=17726","title":{"rendered":"\u0130tfaiye arac\u0131 devrildi: 3 yaral\u0131"},"content":{"rendered":"<p>Ayd\u0131n\u2019\u0131n S\u00f6ke il\u00e7esinde itfaiye arac\u0131n\u0131n devrilmesi sonucu meydana gelen trafik kazas\u0131nda 3 itfaiye personeli hafif \u015fekilde yaraland\u0131.<\/p>\n<p>Edinilen bilgiye g\u00f6re, S\u00f6ke\u2019deki bir yang\u0131na m\u00fcdahale i\u00e7in yola \u00e7\u0131kan Ayd\u0131n B\u00fcy\u00fck\u015fehir Belediyesi S\u00f6ke \u0130tfaiye Amirli\u011fi\u2019ne ait 09 BU 679 plakal\u0131 itfaiye arac\u0131, s\u00fcr\u00fcc\u00fcs\u00fcn\u00fcn direksiyon hakimiyetini kaybetmesi \u00fczerine Yenido\u011fan Kav\u015fa\u011f\u0131\u2019nda devrildi. Kaza ihbar\u0131 \u00fczerine b\u00f6lgeye sa\u011fl\u0131k ve polis ekipleri sevk edildi. Kazada hafif \u015fekilde yaralanan 3 itfaiye personeline m\u00fcdahale edildi.<br \/>\n<br \/>Kazayla ilgili soru\u015fturma s\u00fcr\u00fcyor.<br \/><\/p>\n","protected":false},"excerpt":{"rendered":"<p>Ayd\u0131n\u2019\u0131n S\u00f6ke il\u00e7esinde itfaiye arac\u0131n\u0131n devrilmesi sonucu meydana gelen trafik kazas\u0131nda 3 itfaiye personeli hafif \u015fekilde yaraland\u0131. Edinilen bilgiye g\u00f6re, S\u00f6ke\u2019deki bir yang\u0131na m\u00fcdahale i\u00e7in yola \u00e7\u0131kan Ayd\u0131n B\u00fcy\u00fck\u015fehir Belediyesi S\u00f6ke \u0130tfaiye Amirli\u011fi\u2019ne ait 09 BU 679 plakal\u0131 itfaiye arac\u0131, s\u00fcr\u00fcc\u00fcs\u00fcn\u00fcn direksiyon hakimiyetini kaybetmesi \u00fczerine Yenido\u011fan Kav\u015fa\u011f\u0131\u2019nda devrildi. Kaza ihbar\u0131 \u00fczerine b\u00f6lgeye sa\u011fl\u0131k ve polis&#8230;<\/p>\n","protected":false},"author":1,"featured_media":17727,"comment_status":"open","ping_status":"open","sticky":false,"template":"","format":"standard","meta":{"_crdt_document":"","footnotes":""},"categories":[5],"tags":[],"class_list":["post-17726","post","type-post","status-publish","format-standard","has-post-thumbnail","hentry","category-asayis"],"_links":{"self":[{"href":"https:\/\/www.egemtv.com\/index.php?rest_route=\/wp\/v2\/posts\/17726","targetHints":{"allow":["GET"]}}],"collection":[{"href":"https:\/\/www.egemtv.com\/index.php?rest_route=\/wp\/v2\/posts"}],"about":[{"href":"https:\/\/www.egemtv.com\/index.php?rest_route=\/wp\/v2\/types\/post"}],"author":[{"embeddable":true,"href":"https:\/\/www.egemtv.com\/index.php?rest_route=\/wp\/v2\/users\/1"}],"replies":[{"embeddable":true,"href":"https:\/\/www.egemtv.com\/index.php?rest_route=%2Fwp%2Fv2%2Fcomments&post=17726"}],"version-history":[{"count":1,"href":"https:\/\/www.egemtv.com\/index.php?rest_route=\/wp\/v2\/posts\/17726\/revisions"}],"predecessor-version":[{"id":17730,"href":"https:\/\/www.egemtv.com\/index.php?rest_route=\/wp\/v2\/posts\/17726\/revisions\/17730"}],"wp:featuredmedia":[{"embeddable":true,"href":"https:\/\/www.egemtv.com\/index.php?rest_route=\/wp\/v2\/media\/17727"}],"wp:attachment":[{"href":"https:\/\/www.egemtv.com\/index.php?rest_route=%2Fwp%2Fv2%2Fmedia&parent=17726"}],"wp:term":[{"taxonomy":"category","embeddable":true,"href":"https:\/\/www.egemtv.com\/index.php?rest_route=%2Fwp%2Fv2%2Fcategories&post=17726"},{"taxonomy":"post_tag","embeddable":true,"href":"https:\/\/www.egemtv.com\/index.php?rest_route=%2Fwp%2Fv2%2Ftags&post=17726"}],"curies":[{"name":"wp","href":"https:\/\/api.w.org\/{rel}","templated":true}]}}