{"id":17723,"date":"2025-02-11T17:57:53","date_gmt":"2025-02-11T14:57:53","guid":{"rendered":"https:\/\/www.egemtv.com\/?p=17723"},"modified":"2025-02-11T17:58:02","modified_gmt":"2025-02-11T14:58:02","slug":"firari-hukumlu-manisada-yakalandi","status":"publish","type":"post","link":"https:\/\/www.egemtv.com\/?p=17723","title":{"rendered":"Firari h\u00fck\u00fcml\u00fc Manisa\u2019da yakaland\u0131"},"content":{"rendered":"<p>Manisa\u2019n\u0131n Salihli il\u00e7esinde jandarma ekipleri taraf\u0131ndan hakk\u0131nda 31 y\u0131l 1 ay 10 g\u00fcn kesinle\u015fmi\u015f hapis cezas\u0131 bulunan firari h\u00fck\u00fcml\u00fc yakalanarak cezaevine teslim edildi.<br \/>\n<br \/>Nitelikli su\u00e7lardan aranan \u015fah\u0131slar\u0131n yakalanmas\u0131na y\u00f6nelik \u00e7al\u0131\u015fmalar\u0131n\u0131 s\u00fcrd\u00fcren Manisa \u0130l Jandarma Komutanl\u0131\u011f\u0131na ba\u011fl\u0131 Salihli \u0130l\u00e7e Jandarma Komutanl\u0131\u011f\u0131 ekipleri, Uyu\u015fturucu \u0130mal ve Ticareti ile TCK 188 su\u00e7lar\u0131ndan aranan ve kesinle\u015fmi\u015f 31 y\u0131l 1 ay 10 g\u00fcn hapis cezas\u0131 bulunan firari \u015f\u00fcpheli Necati E.\u2019nin(56) Duras\u0131ll\u0131 Mahallesi\u2019nde bulundu\u011funu tespit etti. Firari h\u00fck\u00fcml\u00fc Merkez Karakol Komutanl\u0131\u011f\u0131 ve JASAT ekipleri taraf\u0131ndan yakalay\u0131p, g\u00f6zalt\u0131na ald\u0131.<br \/>\n<br \/>\u015e\u00fcpheli Necati E., jandarmadaki i\u015flemlerinin ard\u0131ndan Salihli T Tipi Kapal\u0131 Ceza \u0130nfaz Kurumuna teslim edildi.<br \/><\/p>\n","protected":false},"excerpt":{"rendered":"<p>Manisa\u2019n\u0131n Salihli il\u00e7esinde jandarma ekipleri taraf\u0131ndan hakk\u0131nda 31 y\u0131l 1 ay 10 g\u00fcn kesinle\u015fmi\u015f hapis cezas\u0131 bulunan firari h\u00fck\u00fcml\u00fc yakalanarak cezaevine teslim edildi. Nitelikli su\u00e7lardan aranan \u015fah\u0131slar\u0131n yakalanmas\u0131na y\u00f6nelik \u00e7al\u0131\u015fmalar\u0131n\u0131 s\u00fcrd\u00fcren Manisa \u0130l Jandarma Komutanl\u0131\u011f\u0131na ba\u011fl\u0131 Salihli \u0130l\u00e7e Jandarma Komutanl\u0131\u011f\u0131 ekipleri, Uyu\u015fturucu \u0130mal ve Ticareti ile TCK 188 su\u00e7lar\u0131ndan aranan ve kesinle\u015fmi\u015f 31 y\u0131l 1&#8230;<\/p>\n","protected":false},"author":1,"featured_media":17724,"comment_status":"open","ping_status":"open","sticky":false,"template":"","format":"standard","meta":{"_crdt_document":"","footnotes":""},"categories":[5],"tags":[],"class_list":["post-17723","post","type-post","status-publish","format-standard","has-post-thumbnail","hentry","category-asayis"],"_links":{"self":[{"href":"https:\/\/www.egemtv.com\/index.php?rest_route=\/wp\/v2\/posts\/17723","targetHints":{"allow":["GET"]}}],"collection":[{"href":"https:\/\/www.egemtv.com\/index.php?rest_route=\/wp\/v2\/posts"}],"about":[{"href":"https:\/\/www.egemtv.com\/index.php?rest_route=\/wp\/v2\/types\/post"}],"author":[{"embeddable":true,"href":"https:\/\/www.egemtv.com\/index.php?rest_route=\/wp\/v2\/users\/1"}],"replies":[{"embeddable":true,"href":"https:\/\/www.egemtv.com\/index.php?rest_route=%2Fwp%2Fv2%2Fcomments&post=17723"}],"version-history":[{"count":1,"href":"https:\/\/www.egemtv.com\/index.php?rest_route=\/wp\/v2\/posts\/17723\/revisions"}],"predecessor-version":[{"id":17725,"href":"https:\/\/www.egemtv.com\/index.php?rest_route=\/wp\/v2\/posts\/17723\/revisions\/17725"}],"wp:featuredmedia":[{"embeddable":true,"href":"https:\/\/www.egemtv.com\/index.php?rest_route=\/wp\/v2\/media\/17724"}],"wp:attachment":[{"href":"https:\/\/www.egemtv.com\/index.php?rest_route=%2Fwp%2Fv2%2Fmedia&parent=17723"}],"wp:term":[{"taxonomy":"category","embeddable":true,"href":"https:\/\/www.egemtv.com\/index.php?rest_route=%2Fwp%2Fv2%2Fcategories&post=17723"},{"taxonomy":"post_tag","embeddable":true,"href":"https:\/\/www.egemtv.com\/index.php?rest_route=%2Fwp%2Fv2%2Ftags&post=17723"}],"curies":[{"name":"wp","href":"https:\/\/api.w.org\/{rel}","templated":true}]}}