{"id":17717,"date":"2025-02-11T17:57:44","date_gmt":"2025-02-11T14:57:44","guid":{"rendered":"https:\/\/www.egemtv.com\/?p=17717"},"modified":"2025-02-11T17:57:50","modified_gmt":"2025-02-11T14:57:50","slug":"marmariste-bahar-havasi","status":"publish","type":"post","link":"https:\/\/www.egemtv.com\/?p=17717","title":{"rendered":"Marmaris\u2019te bahar havas\u0131"},"content":{"rendered":"<p>Mu\u011fla\u2019n\u0131n Marmaris il\u00e7esinde vatanda\u015flar s\u0131cak ve g\u00fcne\u015fli havan\u0131n tad\u0131n\u0131 \u00e7\u0131kar\u0131yor.<\/p>\n<p>T\u00fcrkiye\u2019nin bir \u00e7ok noktas\u0131nda kara k\u0131\u015f devam ederken, Mu\u011fla\u2019n\u0131n Marmaris il\u00e7esinde  g\u00fcne\u015fli ve \u0131l\u0131k bir hava ile adeta bahar mevsimi erken geldi. Hafta sonundan itibaren g\u00fcne\u015fi g\u00f6ren vatanda\u015flar, sahilde y\u00fcr\u00fcy\u00fc\u015f yaparak g\u00fczel havan\u0131n keyfini \u00e7\u0131kar\u0131rken, baz\u0131lar\u0131 ise sandalye ve termoslar\u0131n\u0131 al\u0131p manzara kar\u015f\u0131s\u0131nda dinlenmeyi tercih etti.<\/p>\n<p>G\u00fczel havay\u0131 f\u0131rsat bilerek sahilde vakit ge\u00e7iren Marmaris sakinleri, do\u011fan\u0131n ve g\u00fcne\u015fin tad\u0131n\u0131 \u00e7\u0131kar\u0131rken, \u015fehrin huzurlu atmosferinden de memnuniyetlerini dile getirdi.<\/p>\n<p>T\u00fcrkiye\u2019nin en \u00f6nemli turizm merkezlerinden olan Marmaris\u2019te ya\u015fayan Selda K\u0131rdemir, &#8220;\u015eahane bir g\u00fcn, her yer k\u0131\u015f\u0131 ya\u015farken Marmaris yaz\u0131 ya\u015f\u0131yor, burada olmak bir ayr\u0131cal\u0131k&#8221; dedi.<\/p>\n<p>Sahilde y\u00fcr\u00fcy\u00fc\u015f yapan Sevgi Oktay ise, Marmaris\u2019i &#8220;cennetten bir yer &#8221; olarak tan\u0131mlay\u0131p, &#8220;Ye\u015fili ve mavisiyle do\u011fas\u0131 harika&#8221; ifadelerini kulland\u0131.<br \/><\/p>\n","protected":false},"excerpt":{"rendered":"<p>Mu\u011fla\u2019n\u0131n Marmaris il\u00e7esinde vatanda\u015flar s\u0131cak ve g\u00fcne\u015fli havan\u0131n tad\u0131n\u0131 \u00e7\u0131kar\u0131yor. T\u00fcrkiye\u2019nin bir \u00e7ok noktas\u0131nda kara k\u0131\u015f devam ederken, Mu\u011fla\u2019n\u0131n Marmaris il\u00e7esinde g\u00fcne\u015fli ve \u0131l\u0131k bir hava ile adeta bahar mevsimi erken geldi. Hafta sonundan itibaren g\u00fcne\u015fi g\u00f6ren vatanda\u015flar, sahilde y\u00fcr\u00fcy\u00fc\u015f yaparak g\u00fczel havan\u0131n keyfini \u00e7\u0131kar\u0131rken, baz\u0131lar\u0131 ise sandalye ve termoslar\u0131n\u0131 al\u0131p manzara kar\u015f\u0131s\u0131nda dinlenmeyi tercih&#8230;<\/p>\n","protected":false},"author":1,"featured_media":17718,"comment_status":"open","ping_status":"open","sticky":false,"template":"","format":"standard","meta":{"_crdt_document":"","footnotes":""},"categories":[1],"tags":[],"class_list":["post-17717","post","type-post","status-publish","format-standard","has-post-thumbnail","hentry","category-guncel"],"_links":{"self":[{"href":"https:\/\/www.egemtv.com\/index.php?rest_route=\/wp\/v2\/posts\/17717","targetHints":{"allow":["GET"]}}],"collection":[{"href":"https:\/\/www.egemtv.com\/index.php?rest_route=\/wp\/v2\/posts"}],"about":[{"href":"https:\/\/www.egemtv.com\/index.php?rest_route=\/wp\/v2\/types\/post"}],"author":[{"embeddable":true,"href":"https:\/\/www.egemtv.com\/index.php?rest_route=\/wp\/v2\/users\/1"}],"replies":[{"embeddable":true,"href":"https:\/\/www.egemtv.com\/index.php?rest_route=%2Fwp%2Fv2%2Fcomments&post=17717"}],"version-history":[{"count":1,"href":"https:\/\/www.egemtv.com\/index.php?rest_route=\/wp\/v2\/posts\/17717\/revisions"}],"predecessor-version":[{"id":17719,"href":"https:\/\/www.egemtv.com\/index.php?rest_route=\/wp\/v2\/posts\/17717\/revisions\/17719"}],"wp:featuredmedia":[{"embeddable":true,"href":"https:\/\/www.egemtv.com\/index.php?rest_route=\/wp\/v2\/media\/17718"}],"wp:attachment":[{"href":"https:\/\/www.egemtv.com\/index.php?rest_route=%2Fwp%2Fv2%2Fmedia&parent=17717"}],"wp:term":[{"taxonomy":"category","embeddable":true,"href":"https:\/\/www.egemtv.com\/index.php?rest_route=%2Fwp%2Fv2%2Fcategories&post=17717"},{"taxonomy":"post_tag","embeddable":true,"href":"https:\/\/www.egemtv.com\/index.php?rest_route=%2Fwp%2Fv2%2Ftags&post=17717"}],"curies":[{"name":"wp","href":"https:\/\/api.w.org\/{rel}","templated":true}]}}