{"id":17707,"date":"2025-02-10T17:03:39","date_gmt":"2025-02-10T14:03:39","guid":{"rendered":"https:\/\/www.egemtv.com\/?p=17707"},"modified":"2025-02-10T17:03:49","modified_gmt":"2025-02-10T14:03:49","slug":"bodrum-belediyesi-kent-lokantasi-acildi","status":"publish","type":"post","link":"https:\/\/www.egemtv.com\/?p=17707","title":{"rendered":"Bodrum Belediyesi Kent Lokantas\u0131 a\u00e7\u0131ld\u0131"},"content":{"rendered":"<p>Bodrum Belediyesi taraf\u0131ndan, vatanda\u015flara kaliteli, g\u00fcvenilir, lezzetli ve uygun fiyatl\u0131 yemek hizmeti sunmak amac\u0131yla hayata ge\u00e7irilen Kent Lokantalar\u0131\u2019n\u0131n ilki d\u00fczenlenen t\u00f6renle a\u00e7\u0131ld\u0131.<\/p>\n<p>Bodrum Eski Otogar\u2019da ger\u00e7ekle\u015fen a\u00e7\u0131l\u0131\u015f t\u00f6renine Bodrum Belediye Ba\u015fkan\u0131 Tamer Mandalinci, belediye meclis \u00fcyeleri, ba\u015fkan yard\u0131mc\u0131lar\u0131, Bodrum Belediyesi G\u0131da A\u015e. Y\u00f6netim Kurulu Ba\u015fkan\u0131 \u0130brahim Akba\u015f, sivil toplum kurulu\u015flar\u0131 temsilcileri, mahalle muhtarlar\u0131, bas\u0131n mensuplar\u0131 ve vatanda\u015flar kat\u0131ld\u0131.<\/p>\n<p>Sayg\u0131 duru\u015fu ve \u0130stiklal Mar\u015f\u0131\u2019n\u0131n okunmas\u0131yla ba\u015flayan t\u00f6rende konu\u015fan Bodrum Belediyesi Meclis \u00dcyesi Tayyar G\u00fcndo\u011fan, Kent Lokantas\u0131\u2019n\u0131n herkese sa\u011fl\u0131kl\u0131, lezzetli ve uygun fiyatl\u0131 yemek yiyebilece\u011fi bir yer olarak kap\u0131lar\u0131n\u0131 a\u00e7t\u0131\u011f\u0131n\u0131 belirterek \u015funlar\u0131 s\u00f6yledi: &#8220;Amac\u0131m\u0131z toplumun her kesimine hizmet etmek, dayan\u0131\u015fmay\u0131 g\u00fc\u00e7lendirmek ve sofram\u0131z\u0131 payla\u015fmakt\u0131r. Burada sadece bir lokanta a\u00e7m\u0131yoruz ayn\u0131 zamanda sosyal belediyecili\u011fin en g\u00fczel \u00f6rneklerinden birini hayata ge\u00e7iriyoruz&#8221;<\/p>\n<p>&#8220;\u0130nsana dokunmayan hi\u00e7bir hizmet kal\u0131c\u0131 ve de\u011ferli olamaz&#8221;<br \/>\n<br \/>Sosyal adaleti g\u00fc\u00e7lendirecek, dayan\u0131\u015fmay\u0131 b\u00fcy\u00fctecek \u00f6nemli bir ad\u0131m\u0131 hep beraber att\u0131klar\u0131n\u0131 s\u00f6yleyen Bodrum Belediye Ba\u015fkan\u0131 Tamer Mandalinci, \u015fu ifadelerde bulundu:<br \/>\n<br \/>&#8220;Belediyecilik sadece yol yapmak, alt yap\u0131 \u00e7al\u0131\u015fmalar\u0131n\u0131 ger\u00e7ekle\u015ftirmek, imar ve isk\u00e2n uygulamalar\u0131n\u0131 d\u00fczenlemek de\u011fildir. Belediyecilik tam anlam\u0131yla insan hayat\u0131na dokunan, insan\u0131n onurunu y\u00fccelten bir i\u015ftir. Bizler biliyoruz ki insana dokunmayan hi\u00e7bir hizmet kal\u0131c\u0131 ve de\u011ferli olamaz. A\u00e7\u0131l\u0131\u015f\u0131n\u0131 ger\u00e7ekle\u015ftirdi\u011fimiz Kent Lokantas\u0131 bu anlay\u0131\u015f\u0131n en temel g\u00f6stergesidir. Kent lokantalar\u0131 sadece yemek yenilen alanlar de\u011fil, hak\u00e7a payla\u015f\u0131m\u0131n, dayan\u0131\u015fman\u0131n ve e\u015fitli\u011fin v\u00fccut buldu\u011fu yerlerdir&#8221;<\/p>\n<p>&#8220;Halk\u0131n refah\u0131n\u0131 \u00f6nceleyen, insan onurunu merkeze alan belediyecilik anlay\u0131\u015f\u0131&#8221;<br \/>\n<br \/>Kent Lokantalar\u0131\u2019n\u0131n halk\u0131n refah\u0131n\u0131 \u00f6nceleyen bir belediyecilik anlay\u0131\u015f\u0131n\u0131n i\u015fareti olarak hayata ge\u00e7irilece\u011fini vurgulayan Ba\u015fkan Mandalinci, konu\u015fmas\u0131na \u015f\u00f6yle devam etti:<br \/>\n<br \/>&#8220;Bu projemizle birlikte vatanda\u015flar\u0131m\u0131z uygun fiyatl\u0131, sa\u011fl\u0131kl\u0131, doyurucu bir \u00f6\u011f\u00fcne eri\u015fmesini sa\u011flayaca\u011f\u0131z. G\u0131da israf\u0131n\u0131n \u00f6n\u00fcne ge\u00e7erek yerel \u00fcreticimizden al\u0131nan malzemelerle beraber hem \u00fcreticimiz desteklenecek hem de onlardan al\u0131nan sa\u011fl\u0131kl\u0131 g\u0131da burada h\u00fcnerli ellerle vatanda\u015f\u0131m\u0131za doyurucu g\u0131da olarak sunulacakt\u0131r. Sosyal devlet anlay\u0131\u015f\u0131n\u0131n yerelden hayata ge\u00e7mesi i\u00e7in de \u00e7ok k\u0131ymetli bir katk\u0131 sa\u011flayacak Kent Lokantam\u0131z. A\u00e7t\u0131\u011f\u0131m\u0131z ve a\u00e7acak oldu\u011fumuz Kent Lokantalar\u0131 yaln\u0131zca ekonomik krizlerin de\u011fil, ayn\u0131 zamanda adaletsiz gelir payla\u015f\u0131m\u0131 ve e\u015fitsizliklerin ortaya \u00e7\u0131kard\u0131\u011f\u0131 sorunlara kar\u015f\u0131 da g\u00fc\u00e7l\u00fc bir \u00e7\u00f6z\u00fcm ad\u0131m\u0131 atacakt\u0131r. \u00c7\u00fcnk\u00fc biliyoruz ki hak\u00e7a payla\u015f\u0131lmayan hi\u00e7bir kaynak adalet getirmez. Bizler halk\u0131n refah\u0131n\u0131 \u00f6nceleyen, insan onurunu merkeze alan bir belediyecilik anlay\u0131\u015f\u0131n\u0131 hayata ge\u00e7irmek \u00fczere sosyal belediyecilik ad\u0131mlar\u0131n\u0131 at\u0131yoruz, atmaya da devam edece\u011fiz&#8221;<\/p>\n<p>&#8220;Halk i\u00e7in hayata ge\u00e7irilen Kent Lokantalar\u0131&#8221;<br \/>\n<br \/>Kent Lokantalar\u0131 projesinin sadece belediyenin \u00e7abalar\u0131yla de\u011fil, vatanda\u015flar\u0131n deste\u011fi, yerel \u00fcreticilerin eme\u011fi ve mutfakta \u00e7al\u0131\u015fanlar\u0131n \u00f6zverisiyle hayat buldu\u011funu s\u00f6yleyen Ba\u015fkan Mandalinci, &#8220;Bu lokantan\u0131n mutfa\u011f\u0131nda sadece yemek de\u011fil, emek, al\u0131n teri ve dayan\u0131\u015fman\u0131n da tad\u0131 olacak. \u00c7al\u0131\u015fma arkada\u015flar\u0131m\u0131z burada sadece yemek yapm\u0131yor, bu kentin dayan\u0131\u015fmas\u0131na, bu kentin birli\u011fine \u00e7ok g\u00fczel imza at\u0131yorlar. Bu anlamda Kent Lokantalar\u0131\u2019nda eme\u011fi ge\u00e7en k\u0131ymetli mesai arkada\u015flar\u0131ma, mutfak personelimize, projeye destekte bulunan her bir hay\u0131rseverimize \u00e7ok te\u015fekk\u00fcr ediyorum. Halk i\u00e7in halk\u0131n eme\u011fiyle hayata ge\u00e7irdi\u011fimiz kent lokantam\u0131z\u0131n a\u00e7\u0131l\u0131\u015f\u0131 hepimize hay\u0131rl\u0131, u\u011furlu olsun&#8221; dedi.<\/p>\n<p>A\u00e7\u0131l\u0131\u015f konu\u015fmalar\u0131n\u0131n ard\u0131ndan program, kurdele kesimi ve yemek servisi ile devam etti.<\/p>\n<p>Kent Lokantas\u0131, hafta i\u00e7i her g\u00fcn 11.30 ile 14.30 saatleri aras\u0131nda hizmet verecek. Vatanda\u015flar, \u00fc\u00e7 \u00e7e\u015fit yeme\u011fi 100 T\u00fcrk Liras\u0131 kar\u015f\u0131l\u0131\u011f\u0131nda alabilecek, \u00f6\u011frenciler ise bu men\u00fcden 80 T\u00fcrk Liras\u0131\u2019na faydalanabilecek. Ayr\u0131ca dileyen hay\u0131rseverler, ask\u0131da yemek uygulamas\u0131yla ihtiya\u00e7 sahiplerinin \u00fccretsiz yemek yemesine katk\u0131da bulunabilecek.<br \/><\/p>\n","protected":false},"excerpt":{"rendered":"<p>Bodrum Belediyesi taraf\u0131ndan, vatanda\u015flara kaliteli, g\u00fcvenilir, lezzetli ve uygun fiyatl\u0131 yemek hizmeti sunmak amac\u0131yla hayata ge\u00e7irilen Kent Lokantalar\u0131\u2019n\u0131n ilki d\u00fczenlenen t\u00f6renle a\u00e7\u0131ld\u0131. Bodrum Eski Otogar\u2019da ger\u00e7ekle\u015fen a\u00e7\u0131l\u0131\u015f t\u00f6renine Bodrum Belediye Ba\u015fkan\u0131 Tamer Mandalinci, belediye meclis \u00fcyeleri, ba\u015fkan yard\u0131mc\u0131lar\u0131, Bodrum Belediyesi G\u0131da A\u015e. Y\u00f6netim Kurulu Ba\u015fkan\u0131 \u0130brahim Akba\u015f, sivil toplum kurulu\u015flar\u0131 temsilcileri, mahalle muhtarlar\u0131, bas\u0131n mensuplar\u0131&#8230;<\/p>\n","protected":false},"author":1,"featured_media":17708,"comment_status":"open","ping_status":"open","sticky":false,"template":"","format":"standard","meta":{"_crdt_document":"","footnotes":""},"categories":[125],"tags":[],"class_list":["post-17707","post","type-post","status-publish","format-standard","has-post-thumbnail","hentry","category-ekonomi"],"_links":{"self":[{"href":"https:\/\/www.egemtv.com\/index.php?rest_route=\/wp\/v2\/posts\/17707","targetHints":{"allow":["GET"]}}],"collection":[{"href":"https:\/\/www.egemtv.com\/index.php?rest_route=\/wp\/v2\/posts"}],"about":[{"href":"https:\/\/www.egemtv.com\/index.php?rest_route=\/wp\/v2\/types\/post"}],"author":[{"embeddable":true,"href":"https:\/\/www.egemtv.com\/index.php?rest_route=\/wp\/v2\/users\/1"}],"replies":[{"embeddable":true,"href":"https:\/\/www.egemtv.com\/index.php?rest_route=%2Fwp%2Fv2%2Fcomments&post=17707"}],"version-history":[{"count":1,"href":"https:\/\/www.egemtv.com\/index.php?rest_route=\/wp\/v2\/posts\/17707\/revisions"}],"predecessor-version":[{"id":17709,"href":"https:\/\/www.egemtv.com\/index.php?rest_route=\/wp\/v2\/posts\/17707\/revisions\/17709"}],"wp:featuredmedia":[{"embeddable":true,"href":"https:\/\/www.egemtv.com\/index.php?rest_route=\/wp\/v2\/media\/17708"}],"wp:attachment":[{"href":"https:\/\/www.egemtv.com\/index.php?rest_route=%2Fwp%2Fv2%2Fmedia&parent=17707"}],"wp:term":[{"taxonomy":"category","embeddable":true,"href":"https:\/\/www.egemtv.com\/index.php?rest_route=%2Fwp%2Fv2%2Fcategories&post=17707"},{"taxonomy":"post_tag","embeddable":true,"href":"https:\/\/www.egemtv.com\/index.php?rest_route=%2Fwp%2Fv2%2Ftags&post=17707"}],"curies":[{"name":"wp","href":"https:\/\/api.w.org\/{rel}","templated":true}]}}