{"id":17700,"date":"2025-02-10T16:56:31","date_gmt":"2025-02-10T13:56:31","guid":{"rendered":"https:\/\/www.egemtv.com\/?p=17700"},"modified":"2025-02-10T16:56:31","modified_gmt":"2025-02-10T13:56:31","slug":"karadenizin-tum-illeri-ayni-cati-altinda-bulusacak","status":"publish","type":"post","link":"https:\/\/www.egemtv.com\/?p=17700","title":{"rendered":"Karadeniz\u2019in T\u00fcm \u0130lleri Ayn\u0131 \u00c7at\u0131 Alt\u0131nda Bulu\u015facak"},"content":{"rendered":"\n<p class=\"wp-block-paragraph\">Ankara&#8217;da 1997 y\u0131l\u0131nda kurulan Kar-Der, geni\u015f kat\u0131l\u0131ml\u0131 Ola\u011fan Genel Kurulu\u2019nda yeni ba\u015fkan\u0131n\u0131 se\u00e7ti. Oybirli\u011fiyle g\u00f6reve gelen Av. Yusuf B\u00fclent Ayd\u0131n, Karadenizlileri daha g\u00fc\u00e7l\u00fc bir \u00e7at\u0131 alt\u0131nda birle\u015ftirecek projelerle yeni d\u00f6neme ba\u015flad\u0131.<\/p>\n\n\n\n<p class=\"wp-block-paragraph\">1997 y\u0131l\u0131nda ba\u015fkent Ankara\u2019da kurulmu\u015f olan Karadenizliler K\u00fclt\u00fcr ve Yard\u0131mla\u015fma Derne\u011fi (Kar-Der) 01.02.2025 tarihinde Ola\u011fan Genel Kurulu\u2019nu geni\u015f kat\u0131l\u0131mla ger\u00e7ekle\u015ftirdi.<\/p>\n\n\n\n<figure class=\"wp-block-image size-large is-resized\"><img data-dominant-color=\"979cd6\" data-has-transparency=\"false\" fetchpriority=\"high\" decoding=\"async\" width=\"567\" height=\"600\" src=\"https:\/\/www.egemtv.com\/wp-content\/uploads\/2025\/02\/WhatsApp-Gorsel-2025-02-10-saat-15.21.59_87fdfef4-567x600.jpg\" alt=\"\" class=\"wp-image-17701 not-transparent\" style=\"--dominant-color: #979cd6; width:260px;height:auto\" srcset=\"https:\/\/www.egemtv.com\/wp-content\/uploads\/2025\/02\/WhatsApp-Gorsel-2025-02-10-saat-15.21.59_87fdfef4-567x600.jpg 567w, https:\/\/www.egemtv.com\/wp-content\/uploads\/2025\/02\/WhatsApp-Gorsel-2025-02-10-saat-15.21.59_87fdfef4-284x300.jpg 284w, https:\/\/www.egemtv.com\/wp-content\/uploads\/2025\/02\/WhatsApp-Gorsel-2025-02-10-saat-15.21.59_87fdfef4-768x813.jpg 768w, https:\/\/www.egemtv.com\/wp-content\/uploads\/2025\/02\/WhatsApp-Gorsel-2025-02-10-saat-15.21.59_87fdfef4.jpg 808w\" sizes=\"(max-width: 567px) 100vw, 567px\" \/><\/figure>\n\n\n\n<p class=\"wp-block-paragraph\">Genel kurula kat\u0131lan delegelerin tamam\u0131n\u0131n oylar\u0131 ile ba\u015fkanl\u0131\u011fa Av Yusuf B\u00fclent Ayd\u0131n se\u00e7ildi. Aslen Trabzon \/ K\u00f6pr\u00fcba\u015f\u0131l\u0131 olan yeni ba\u015fkan dernek ve yeni d\u00f6nemle ilgili plan ve projeleri ile ilgili bilgi payla\u015ft\u0131.<\/p>\n\n\n\n<p class=\"wp-block-paragraph\"><strong>\u201cGe\u00e7mi\u015fe Te\u015fekk\u00fcr, Gelece\u011fe G\u00fc\u00e7l\u00fc Ad\u0131mlar\u201d<\/strong><\/p>\n\n\n\n<p class=\"wp-block-paragraph\">Ba\u015fkanl\u0131\u011fa se\u00e7ilen Av. Yusuf B\u00fclent Ayd\u0131n, \u00f6nceki y\u00f6netimlere te\u015fekk\u00fcr ederek Kar-Der\u2019in y\u0131llard\u0131r Karadenizli hem\u015fehrilerinin yan\u0131nda oldu\u011funu vurgulad\u0131. \u201cSivil toplum \u00f6rg\u00fctlerinin uzun y\u0131llar boyunca aktif \u015fekilde varl\u0131\u011f\u0131n\u0131 s\u00fcrd\u00fcrmesi zorlu bir s\u00fcre\u00e7tir. Bu nedenle \u00f6nceki ba\u015fkanlar\u0131m\u0131z ve y\u00f6netimlerine emeklerinden dolay\u0131 m\u00fcte\u015fekkirim\u201d dedi.<\/p>\n\n\n\n<p class=\"wp-block-paragraph\"><strong>Karadeniz\u2019in T\u00fcm \u0130lleri Ayn\u0131 \u00c7at\u0131 Alt\u0131nda Bulu\u015facak<\/strong><\/p>\n\n\n\n<p class=\"wp-block-paragraph\">Yeni d\u00f6nemde Kar-Der\u2019in kapsay\u0131c\u0131l\u0131\u011f\u0131n\u0131 art\u0131rmay\u0131 hedeflediklerini belirten Ayd\u0131n, \u201c\u015eu an derne\u011fimizde Karadeniz\u2019in 9 ili temsil ediliyor. Bu say\u0131y\u0131 18\u2019e \u00e7\u0131kararak Karadeniz\u2019in tamam\u0131n\u0131 bir \u00e7at\u0131 alt\u0131nda bulu\u015fturmay\u0131 ama\u00e7l\u0131yoruz\u201d dedi.<\/p>\n\n\n\n<p class=\"wp-block-paragraph\"><strong>Devlet ve Yerel Y\u00f6netimlerle Ortak Projeler<\/strong><\/p>\n\n\n\n<p class=\"wp-block-paragraph\">Sivil toplum kurulu\u015flar\u0131n\u0131n \u00f6nemine dikkat \u00e7eken Ayd\u0131n, \u201cDevletimizin STK\u2019lara ciddi destek verdi\u011fi bu d\u00f6nemde, Sivil Toplumla \u0130li\u015fkiler Genel M\u00fcd\u00fcrl\u00fc\u011f\u00fc ba\u015fta olmak \u00fczere t\u00fcm kamu kurumlar\u0131 ve yerel y\u00f6netimlerle ortak projeler geli\u015ftirmeyi hedefliyoruz\u201d ifadelerini kulland\u0131.<\/p>\n\n\n\n<p class=\"wp-block-paragraph\"><strong>\u201cBirlikten G\u00fc\u00e7 Do\u011far\u201d<\/strong><\/p>\n\n\n\n<p class=\"wp-block-paragraph\">Yeni y\u00f6netim olarak Karadenizliler aras\u0131nda birlik ve dayan\u0131\u015fmay\u0131 art\u0131rmay\u0131 ama\u00e7lad\u0131klar\u0131n\u0131 belirten Ayd\u0131n, \u201cHem\u015fehrilerimizin birlikteli\u011fini sa\u011flamak, s\u0131la hasretlerini gidermek ve ya\u015fad\u0131\u011f\u0131m\u0131z \u015fehre katk\u0131 sunmak en b\u00fcy\u00fck hedefimiz\u201d diyerek t\u00fcm Karadenizlileri derne\u011fe \u00fcye olmaya davet etti.<\/p>\n","protected":false},"excerpt":{"rendered":"<p>Ankara&#8217;da 1997 y\u0131l\u0131nda kurulan Kar-Der, geni\u015f kat\u0131l\u0131ml\u0131 Ola\u011fan Genel Kurulu\u2019nda yeni ba\u015fkan\u0131n\u0131 se\u00e7ti. Oybirli\u011fiyle g\u00f6reve gelen Av. Yusuf B\u00fclent Ayd\u0131n, Karadenizlileri daha g\u00fc\u00e7l\u00fc bir \u00e7at\u0131 alt\u0131nda birle\u015ftirecek projelerle yeni d\u00f6neme ba\u015flad\u0131. 1997 y\u0131l\u0131nda ba\u015fkent Ankara\u2019da kurulmu\u015f olan Karadenizliler K\u00fclt\u00fcr ve Yard\u0131mla\u015fma Derne\u011fi (Kar-Der) 01.02.2025 tarihinde Ola\u011fan Genel Kurulu\u2019nu geni\u015f kat\u0131l\u0131mla ger\u00e7ekle\u015ftirdi. Genel kurula kat\u0131lan delegelerin&#8230;<\/p>\n","protected":false},"author":1,"featured_media":17702,"comment_status":"open","ping_status":"open","sticky":false,"template":"","format":"standard","meta":{"_crdt_document":"","footnotes":""},"categories":[1],"tags":[],"class_list":["post-17700","post","type-post","status-publish","format-standard","has-post-thumbnail","hentry","category-guncel"],"_links":{"self":[{"href":"https:\/\/www.egemtv.com\/index.php?rest_route=\/wp\/v2\/posts\/17700","targetHints":{"allow":["GET"]}}],"collection":[{"href":"https:\/\/www.egemtv.com\/index.php?rest_route=\/wp\/v2\/posts"}],"about":[{"href":"https:\/\/www.egemtv.com\/index.php?rest_route=\/wp\/v2\/types\/post"}],"author":[{"embeddable":true,"href":"https:\/\/www.egemtv.com\/index.php?rest_route=\/wp\/v2\/users\/1"}],"replies":[{"embeddable":true,"href":"https:\/\/www.egemtv.com\/index.php?rest_route=%2Fwp%2Fv2%2Fcomments&post=17700"}],"version-history":[{"count":1,"href":"https:\/\/www.egemtv.com\/index.php?rest_route=\/wp\/v2\/posts\/17700\/revisions"}],"predecessor-version":[{"id":17703,"href":"https:\/\/www.egemtv.com\/index.php?rest_route=\/wp\/v2\/posts\/17700\/revisions\/17703"}],"wp:featuredmedia":[{"embeddable":true,"href":"https:\/\/www.egemtv.com\/index.php?rest_route=\/wp\/v2\/media\/17702"}],"wp:attachment":[{"href":"https:\/\/www.egemtv.com\/index.php?rest_route=%2Fwp%2Fv2%2Fmedia&parent=17700"}],"wp:term":[{"taxonomy":"category","embeddable":true,"href":"https:\/\/www.egemtv.com\/index.php?rest_route=%2Fwp%2Fv2%2Fcategories&post=17700"},{"taxonomy":"post_tag","embeddable":true,"href":"https:\/\/www.egemtv.com\/index.php?rest_route=%2Fwp%2Fv2%2Ftags&post=17700"}],"curies":[{"name":"wp","href":"https:\/\/api.w.org\/{rel}","templated":true}]}}