{"id":17697,"date":"2025-02-10T16:49:53","date_gmt":"2025-02-10T13:49:53","guid":{"rendered":"https:\/\/www.egemtv.com\/?p=17697"},"modified":"2025-02-10T16:50:02","modified_gmt":"2025-02-10T13:50:02","slug":"mugla-buyuksehirden-yerel-esitlik-eylem-plani-calistayi","status":"publish","type":"post","link":"https:\/\/www.egemtv.com\/?p=17697","title":{"rendered":"Mu\u011fla B\u00fcy\u00fck\u015fehir\u2019den \u2018Yerel E\u015fitlik Eylem Plan\u0131\u2019 \u00e7al\u0131\u015ftay\u0131"},"content":{"rendered":"<p>E\u015fitlik odakl\u0131 bir yerel y\u00f6netim anlay\u0131\u015f\u0131n\u0131 kal\u0131c\u0131 ve sistematik hale getirmeyi ama\u00e7layan Mu\u011fla B\u00fcy\u00fck\u015fehir Belediyesi, bu do\u011frultuda \u00e7e\u015fitli sivil toplum \u00f6rg\u00fctleri, akademisyenler, meslek odalar\u0131 ve kamu kurumu temsilcilerinin kat\u0131laca\u011f\u0131 geni\u015f kapsaml\u0131 bir \u00e7al\u0131\u015ftay d\u00fczenleyecek. Bu \u00e7al\u0131\u015ftay ile eylem plan\u0131n\u0131n daha kapsay\u0131c\u0131 hale getirilmesi, toplumsal cinsiyet e\u015fitli\u011fi konusundaki mevcut durumun de\u011ferlendirilmesi ve uygulanabilir \u00e7\u00f6z\u00fcmler \u00fcretilmesi hedefleniyor.<br \/>\n<br \/>\u00c7al\u0131\u015ftay At\u00f6lye \u00e7al\u0131\u015fmalar\u0131 ile peki\u015fecek<br \/>\n<br \/>Yerel E\u015fitlik Eylem Plan\u0131 \u00c7al\u0131\u015ftay\u0131 12 \u015eubat \u00c7ar\u015famba g\u00fcn\u00fc saat 09.30\u2019da T\u00fcrkan Saylan \u00c7a\u011fda\u015f Ya\u015fam Merkezi\u2019nde a\u00e7\u0131l\u0131\u015f konu\u015fmalar\u0131 ile ba\u015flayacak ve ard\u0131ndan Yerel E\u015fitlik Eylem Plan\u0131 olu\u015fturma s\u00fcrecinin de\u011ferlendirilmesiyle devam edecek. \u00c7al\u0131\u015ftay at\u00f6lye \u00e7al\u0131\u015fmalar\u0131, \u00e7\u00f6z\u00fcm \u00f6nerileri ve de\u011ferlendirme oturumu ile tamamlanacak.<br \/>\n<br \/>T\u00fcm kurumlardan kat\u0131l\u0131m<br \/>\n<br \/>T\u00fcrkan Saylan \u00c7a\u011fda\u015f Ya\u015fam Merkezi\u2019nde ger\u00e7ekle\u015fecek olan \u00e7al\u0131\u015ftaya Kad\u0131n Koalisyonu, Bodrum Kad\u0131n Dayan\u0131\u015fma Derne\u011fi, Mu\u011fla S\u0131tk\u0131 Ko\u00e7man \u00dcniversitesi Kad\u0131n \u00c7al\u0131\u015fmalar\u0131 Ara\u015ft\u0131rma Merkezi, \u00e7e\u015fitli sivil toplum kurulu\u015flar\u0131, siyasi partiler, il\u00e7e belediyeleri, kamu kurum ve kurulu\u015flar\u0131n\u0131n temsilcileri kat\u0131lacak. B\u00fcy\u00fck\u015fehir Belediyesi, bu eylem plan\u0131 ile kad\u0131n dostu ve e\u015fitlik temelli bir yerel y\u00f6netim anlay\u0131\u015f\u0131n\u0131 kurumsal hale getirmeyi ama\u00e7l\u0131yor.<br \/>\n<br \/>Ba\u015fkan Aras,  &#8220;E\u015fit bir Mu\u011fla i\u00e7in \u00e7al\u0131\u015f\u0131yoruz&#8221;<br \/>\n<br \/>Mu\u011fla B\u00fcy\u00fck\u015fehir Belediye Ba\u015fkan\u0131 Ahmet Aras, &#8220;Yerel E\u015fitlik Eylem Plan\u0131, sadece bir belge ya da strateji olman\u0131n \u00f6tesinde, kentimizde ya\u015fam\u0131 daha adil, e\u015fit ve kapsay\u0131c\u0131 hale getirmek i\u00e7in att\u0131\u011f\u0131m\u0131z somut bir ad\u0131md\u0131r. Bu \u00e7al\u0131\u015ftay, yerel y\u00f6netimlerin e\u015fitlik temelinde yeniden yap\u0131land\u0131r\u0131lmas\u0131 ve kamu politikalar\u0131n\u0131n herkesi kapsayacak \u015fekilde \u015fekillendirilmesi i\u00e7in kritik bir \u00f6neme sahiptir. Toplumsal cinsiyet e\u015fitli\u011fi, sadece kad\u0131nlar\u0131n de\u011fil, toplumun b\u00fct\u00fcn kesimlerinin refah\u0131 i\u00e7in olmazsa olmaz bir de\u011ferdir. Bu nedenle, Mu\u011fla B\u00fcy\u00fck\u015fehir Belediyesi olarak, adil bir kent olu\u015fturma yolunda belediyemizin hizmetlerini daha sistematik ve kapsay\u0131c\u0131 hale getirecek bu eylem plan\u0131n\u0131 b\u00fcy\u00fck bir sorumlulukla hayata ge\u00e7iriyoruz. Yerel E\u015fitlik Plan\u0131n\u0131 sadece k\u00e2\u011f\u0131t \u00fczerinde kalan bir taahh\u00fct olarak g\u00f6rmeyecek; bu plan\u0131 hayata ge\u00e7irmek i\u00e7in t\u00fcm birimlerimizle ve yerel payda\u015flarla birlikte kararl\u0131 ad\u0131mlar ataca\u011f\u0131z&#8221;<br \/><\/p>\n","protected":false},"excerpt":{"rendered":"<p>E\u015fitlik odakl\u0131 bir yerel y\u00f6netim anlay\u0131\u015f\u0131n\u0131 kal\u0131c\u0131 ve sistematik hale getirmeyi ama\u00e7layan Mu\u011fla B\u00fcy\u00fck\u015fehir Belediyesi, bu do\u011frultuda \u00e7e\u015fitli sivil toplum \u00f6rg\u00fctleri, akademisyenler, meslek odalar\u0131 ve kamu kurumu temsilcilerinin kat\u0131laca\u011f\u0131 geni\u015f kapsaml\u0131 bir \u00e7al\u0131\u015ftay d\u00fczenleyecek. Bu \u00e7al\u0131\u015ftay ile eylem plan\u0131n\u0131n daha kapsay\u0131c\u0131 hale getirilmesi, toplumsal cinsiyet e\u015fitli\u011fi konusundaki mevcut durumun de\u011ferlendirilmesi ve uygulanabilir \u00e7\u00f6z\u00fcmler \u00fcretilmesi hedefleniyor&#8230;.<\/p>\n","protected":false},"author":1,"featured_media":17698,"comment_status":"open","ping_status":"open","sticky":false,"template":"","format":"standard","meta":{"_crdt_document":"","footnotes":""},"categories":[123],"tags":[],"class_list":["post-17697","post","type-post","status-publish","format-standard","has-post-thumbnail","hentry","category-gundem"],"_links":{"self":[{"href":"https:\/\/www.egemtv.com\/index.php?rest_route=\/wp\/v2\/posts\/17697","targetHints":{"allow":["GET"]}}],"collection":[{"href":"https:\/\/www.egemtv.com\/index.php?rest_route=\/wp\/v2\/posts"}],"about":[{"href":"https:\/\/www.egemtv.com\/index.php?rest_route=\/wp\/v2\/types\/post"}],"author":[{"embeddable":true,"href":"https:\/\/www.egemtv.com\/index.php?rest_route=\/wp\/v2\/users\/1"}],"replies":[{"embeddable":true,"href":"https:\/\/www.egemtv.com\/index.php?rest_route=%2Fwp%2Fv2%2Fcomments&post=17697"}],"version-history":[{"count":1,"href":"https:\/\/www.egemtv.com\/index.php?rest_route=\/wp\/v2\/posts\/17697\/revisions"}],"predecessor-version":[{"id":17699,"href":"https:\/\/www.egemtv.com\/index.php?rest_route=\/wp\/v2\/posts\/17697\/revisions\/17699"}],"wp:featuredmedia":[{"embeddable":true,"href":"https:\/\/www.egemtv.com\/index.php?rest_route=\/wp\/v2\/media\/17698"}],"wp:attachment":[{"href":"https:\/\/www.egemtv.com\/index.php?rest_route=%2Fwp%2Fv2%2Fmedia&parent=17697"}],"wp:term":[{"taxonomy":"category","embeddable":true,"href":"https:\/\/www.egemtv.com\/index.php?rest_route=%2Fwp%2Fv2%2Fcategories&post=17697"},{"taxonomy":"post_tag","embeddable":true,"href":"https:\/\/www.egemtv.com\/index.php?rest_route=%2Fwp%2Fv2%2Ftags&post=17697"}],"curies":[{"name":"wp","href":"https:\/\/api.w.org\/{rel}","templated":true}]}}