{"id":17694,"date":"2025-02-10T16:29:19","date_gmt":"2025-02-10T13:29:19","guid":{"rendered":"https:\/\/www.egemtv.com\/?p=17694"},"modified":"2025-02-10T16:29:26","modified_gmt":"2025-02-10T13:29:26","slug":"denizlili-para-badmintoncular-turkiye-sampiyonasina-damga-vurdu","status":"publish","type":"post","link":"https:\/\/www.egemtv.com\/?p=17694","title":{"rendered":"Denizlili para badmintoncular T\u00fcrkiye \u015fampiyonas\u0131na damga vurdu"},"content":{"rendered":"<p>T\u00fcrkiye Para Badminton \u015eampiyonas\u0131nda Denizlili sporcular f\u0131rt\u0131na gibi esti. \u00c7orum\u2019da d\u00fczenlenen \u015fampiyonaya, \u0130\u015fitme Engelliler Pamukkale Belediyespor Kul\u00fcb\u00fc sporcular\u0131 T\u00fcrkiye dereceleri ile damga vurdu.<\/p>\n<p>T\u00fcrkiye Badminton Federasyonu\u2019nun d\u00fczenledi\u011fi \u0130\u015fitme Engelliler ve Bedensel Engelliler Badminton T\u00fcrkiye \u015eampiyonas\u0131,  28 Ocak-02 \u015eubat 2025 tarihleri aras\u0131nda \u00c7orum\u2019un Osmanc\u0131k il\u00e7esinde ger\u00e7ekle\u015fti. Denizli\u2019yi temsil eden \u0130\u015fitme Engelliler Pamukkale Belediyespor Kul\u00fcb\u00fc sporcular\u0131; \u0130\u015fitme Engelliler ve Bedensel Engelliler kategorilerinde elde ettikleri T\u00fcrkiye dereceleriyle d\u00f6nd\u00fc. 28-30 Ocak 2025 tarihleri aras\u0131nda ger\u00e7ekle\u015fen \u0130\u015fitme Engelliler T\u00fcrkiye Badminton \u015eampiyonas\u0131\u2019nda; Minikler, Y\u0131ld\u0131zlar ve Gen\u00e7ler kategorilerinde T\u00fcrkiye \u015eampiyonlu\u011funu elde eden Denizlili sporcular, farkl\u0131 ya\u015f gruplar\u0131nda da k\u00fcrs\u00fcde yerini ald\u0131.<\/p>\n<p>Bu yar\u0131\u015fmalar\u0131n ard\u0131ndan 31 Ocak-02 \u015eubat 2025 tarihleri aras\u0131nda d\u00fczenlenen Para Badminton T\u00fcrkiye \u015eampiyonas\u0131\u2019nda SU5 Tek Erkekler ile SU5 &#8211; SU3 \u00c7ift Erkekler kategorilerinde yar\u0131\u015fan \u0130\u015fitme Engelliler Pamukkale Belediyesporlu Para Badmintoncular T\u00fcrkiye \u00dc\u00e7\u00fcnc\u00fcl\u00fc\u011f\u00fcn\u00fc elde etti.<br \/><\/p>\n","protected":false},"excerpt":{"rendered":"<p>T\u00fcrkiye Para Badminton \u015eampiyonas\u0131nda Denizlili sporcular f\u0131rt\u0131na gibi esti. \u00c7orum\u2019da d\u00fczenlenen \u015fampiyonaya, \u0130\u015fitme Engelliler Pamukkale Belediyespor Kul\u00fcb\u00fc sporcular\u0131 T\u00fcrkiye dereceleri ile damga vurdu. T\u00fcrkiye Badminton Federasyonu\u2019nun d\u00fczenledi\u011fi \u0130\u015fitme Engelliler ve Bedensel Engelliler Badminton T\u00fcrkiye \u015eampiyonas\u0131, 28 Ocak-02 \u015eubat 2025 tarihleri aras\u0131nda \u00c7orum\u2019un Osmanc\u0131k il\u00e7esinde ger\u00e7ekle\u015fti. Denizli\u2019yi temsil eden \u0130\u015fitme Engelliler Pamukkale Belediyespor Kul\u00fcb\u00fc sporcular\u0131; \u0130\u015fitme&#8230;<\/p>\n","protected":false},"author":1,"featured_media":17695,"comment_status":"open","ping_status":"open","sticky":false,"template":"","format":"standard","meta":{"_crdt_document":"","footnotes":""},"categories":[4],"tags":[],"class_list":["post-17694","post","type-post","status-publish","format-standard","has-post-thumbnail","hentry","category-spor"],"_links":{"self":[{"href":"https:\/\/www.egemtv.com\/index.php?rest_route=\/wp\/v2\/posts\/17694","targetHints":{"allow":["GET"]}}],"collection":[{"href":"https:\/\/www.egemtv.com\/index.php?rest_route=\/wp\/v2\/posts"}],"about":[{"href":"https:\/\/www.egemtv.com\/index.php?rest_route=\/wp\/v2\/types\/post"}],"author":[{"embeddable":true,"href":"https:\/\/www.egemtv.com\/index.php?rest_route=\/wp\/v2\/users\/1"}],"replies":[{"embeddable":true,"href":"https:\/\/www.egemtv.com\/index.php?rest_route=%2Fwp%2Fv2%2Fcomments&post=17694"}],"version-history":[{"count":1,"href":"https:\/\/www.egemtv.com\/index.php?rest_route=\/wp\/v2\/posts\/17694\/revisions"}],"predecessor-version":[{"id":17696,"href":"https:\/\/www.egemtv.com\/index.php?rest_route=\/wp\/v2\/posts\/17694\/revisions\/17696"}],"wp:featuredmedia":[{"embeddable":true,"href":"https:\/\/www.egemtv.com\/index.php?rest_route=\/wp\/v2\/media\/17695"}],"wp:attachment":[{"href":"https:\/\/www.egemtv.com\/index.php?rest_route=%2Fwp%2Fv2%2Fmedia&parent=17694"}],"wp:term":[{"taxonomy":"category","embeddable":true,"href":"https:\/\/www.egemtv.com\/index.php?rest_route=%2Fwp%2Fv2%2Fcategories&post=17694"},{"taxonomy":"post_tag","embeddable":true,"href":"https:\/\/www.egemtv.com\/index.php?rest_route=%2Fwp%2Fv2%2Ftags&post=17694"}],"curies":[{"name":"wp","href":"https:\/\/api.w.org\/{rel}","templated":true}]}}