{"id":17691,"date":"2025-02-10T16:07:22","date_gmt":"2025-02-10T13:07:22","guid":{"rendered":"https:\/\/www.egemtv.com\/?p=17691"},"modified":"2025-02-10T16:07:30","modified_gmt":"2025-02-10T13:07:30","slug":"ari-urunleri-deposunda-yangin","status":"publish","type":"post","link":"https:\/\/www.egemtv.com\/?p=17691","title":{"rendered":"Ar\u0131 \u00fcr\u00fcnleri deposunda yang\u0131n"},"content":{"rendered":"<p>Mu\u011fla\u2019n\u0131n K\u00f6yce\u011fiz il\u00e7esinde karavandaki g\u00fcne\u015f panelinden \u00e7\u0131kt\u0131\u011f\u0131 tahmin edilen yang\u0131n ar\u0131 \u00fcr\u00fcnleri deposuna s\u0131\u00e7rad\u0131. \u0130tfaiye ekiplerinin zaman\u0131nda m\u00fcdahalesi ile yang\u0131n k\u0131sa s\u00fcrede s\u00f6nd\u00fcr\u00fcld\u00fc.<br \/>\n<br \/>K\u00f6yce\u011fiz D\u00f6\u011f\u00fc\u015fbelen Mahallesinde ar\u0131c\u0131l\u0131k yapan \u0130.A. isimli vatanda\u015fa ait karavanda bulunan g\u00fcne\u015f panelinden \u00e7\u0131kt\u0131\u011f\u0131 tahmin edilen yang\u0131n sonras\u0131 b\u00f6lgeye Mu\u011fla B\u00fcy\u00fck\u015fehir Belediyesi K\u00f6yce\u011fiz \u0130tfaiye, jandarma ve 112 ambulans ekipleri sevk edildi. G\u00fcne\u015f panelinden \u00e7\u0131kt\u0131\u011f\u0131 tahmin edilen yang\u0131n k\u0131sa s\u00fcrede ar\u0131c\u0131l\u0131k \u00fcr\u00fcnlerinin bulundu\u011fu depoya s\u0131\u00e7rad\u0131.<br \/>\n<br \/>\u0130tfaiye ekipleri taraf\u0131ndan m\u00fcdahale edilen yang\u0131n k\u0131sa s\u00fcrede s\u00f6nd\u00fcr\u00fcld\u00fc. So\u011futma \u00e7al\u0131\u015fmas\u0131n\u0131n yap\u0131ld\u0131\u011f\u0131 yang\u0131nda depo i\u00e7inde bulunan ar\u0131 malzemeleri karar g\u00f6rd\u00fc.<br \/><\/p>\n","protected":false},"excerpt":{"rendered":"<p>Mu\u011fla\u2019n\u0131n K\u00f6yce\u011fiz il\u00e7esinde karavandaki g\u00fcne\u015f panelinden \u00e7\u0131kt\u0131\u011f\u0131 tahmin edilen yang\u0131n ar\u0131 \u00fcr\u00fcnleri deposuna s\u0131\u00e7rad\u0131. \u0130tfaiye ekiplerinin zaman\u0131nda m\u00fcdahalesi ile yang\u0131n k\u0131sa s\u00fcrede s\u00f6nd\u00fcr\u00fcld\u00fc. K\u00f6yce\u011fiz D\u00f6\u011f\u00fc\u015fbelen Mahallesinde ar\u0131c\u0131l\u0131k yapan \u0130.A. isimli vatanda\u015fa ait karavanda bulunan g\u00fcne\u015f panelinden \u00e7\u0131kt\u0131\u011f\u0131 tahmin edilen yang\u0131n sonras\u0131 b\u00f6lgeye Mu\u011fla B\u00fcy\u00fck\u015fehir Belediyesi K\u00f6yce\u011fiz \u0130tfaiye, jandarma ve 112 ambulans ekipleri sevk edildi. G\u00fcne\u015f&#8230;<\/p>\n","protected":false},"author":1,"featured_media":17692,"comment_status":"open","ping_status":"open","sticky":false,"template":"","format":"standard","meta":{"_crdt_document":"","footnotes":""},"categories":[5],"tags":[],"class_list":["post-17691","post","type-post","status-publish","format-standard","has-post-thumbnail","hentry","category-asayis"],"_links":{"self":[{"href":"https:\/\/www.egemtv.com\/index.php?rest_route=\/wp\/v2\/posts\/17691","targetHints":{"allow":["GET"]}}],"collection":[{"href":"https:\/\/www.egemtv.com\/index.php?rest_route=\/wp\/v2\/posts"}],"about":[{"href":"https:\/\/www.egemtv.com\/index.php?rest_route=\/wp\/v2\/types\/post"}],"author":[{"embeddable":true,"href":"https:\/\/www.egemtv.com\/index.php?rest_route=\/wp\/v2\/users\/1"}],"replies":[{"embeddable":true,"href":"https:\/\/www.egemtv.com\/index.php?rest_route=%2Fwp%2Fv2%2Fcomments&post=17691"}],"version-history":[{"count":1,"href":"https:\/\/www.egemtv.com\/index.php?rest_route=\/wp\/v2\/posts\/17691\/revisions"}],"predecessor-version":[{"id":17693,"href":"https:\/\/www.egemtv.com\/index.php?rest_route=\/wp\/v2\/posts\/17691\/revisions\/17693"}],"wp:featuredmedia":[{"embeddable":true,"href":"https:\/\/www.egemtv.com\/index.php?rest_route=\/wp\/v2\/media\/17692"}],"wp:attachment":[{"href":"https:\/\/www.egemtv.com\/index.php?rest_route=%2Fwp%2Fv2%2Fmedia&parent=17691"}],"wp:term":[{"taxonomy":"category","embeddable":true,"href":"https:\/\/www.egemtv.com\/index.php?rest_route=%2Fwp%2Fv2%2Fcategories&post=17691"},{"taxonomy":"post_tag","embeddable":true,"href":"https:\/\/www.egemtv.com\/index.php?rest_route=%2Fwp%2Fv2%2Ftags&post=17691"}],"curies":[{"name":"wp","href":"https:\/\/api.w.org\/{rel}","templated":true}]}}