{"id":17685,"date":"2025-02-10T16:07:10","date_gmt":"2025-02-10T13:07:10","guid":{"rendered":"https:\/\/www.egemtv.com\/?p=17685"},"modified":"2025-02-10T16:07:16","modified_gmt":"2025-02-10T13:07:16","slug":"afad-didimde-acil-uyari-sistemi-kurdu","status":"publish","type":"post","link":"https:\/\/www.egemtv.com\/?p=17685","title":{"rendered":"AFAD Didim\u2019de acil uyar\u0131 sistemi kurdu"},"content":{"rendered":"<p>Santorini Adas\u0131 ba\u015fta olmak \u00fczere Ege Denizi\u2019ndeki depremler sonras\u0131nda AFAD \u0130l M\u00fcd\u00fcrl\u00fc\u011f\u00fc ekipleri, Ayd\u0131n\u2019\u0131n Didim il\u00e7esindeki Alt\u0131nkum Sahili\u2019ne acil durumda duyuru yap\u0131lacak anons sistemi kurdu.<br \/>\n<br \/>Santorini Adas\u0131 ba\u015fta olmak \u00fczere Ege Denizi\u2019ndeki depremler \u00fclkemizde de hissedilirken bu kapsamda \u0130zmir, Ayd\u0131n ve Mu\u011fla\u2019ya mobil siren sistemi kurulmaya ba\u015fland\u0131. Bu kapsamda Ayd\u0131n\u2019\u0131n k\u0131y\u0131 il\u00e7esi Didim Alt\u0131nkum\u2019da AFAD Ayd\u0131n \u0130l M\u00fcd\u00fcrl\u00fc\u011f\u00fc taraf\u0131ndan anons sistemi kuruldu. Yal\u0131 Caddesi\u2019ndeki denize yak\u0131n bo\u015f alan \u00fczerinde kurulan sistem, muhtemel tsunami ve acil durumlarda b\u00f6lge halk\u0131na uyar\u0131larda bulunacak.<br \/>\n<br \/>Sistemle ilgili bilgiler veren, k\u0131sa ad\u0131 AFAR olan Didim Afet Arama Kurtarma E\u011fitim ve Yard\u0131m Derne\u011fi Didim \u015eube Ba\u015fkan\u0131 Serdar K\u0131rba\u015f, &#8220;Burada Ege Denizi\u2019nde \u015fu an aktif volkanik hareket var; bu y\u00fczden her g\u00fcn irili ufakl\u0131 y\u00fczlerce deprem oluyor. Bu depremin sonunda enerji birikimini atabilmesi i\u00e7in, 6 \u015fiddetinde olabilecek bir deprem bekleniyor. Bunun sonucunda da bir tsunami olabilir deniyor fakat aradaki adalar ve denizimizin s\u0131\u011f olmas\u0131 nedeniyle, bu tsunaminin \u00e7ok etkisi olmayacak. Bu ses yay\u0131n cihaz\u0131 her ihtimale kar\u015f\u0131, herhangi bir do\u011fa olay\u0131nda halk\u0131 bilin\u00e7lendirmek, ikaz etmek ve can kayb\u0131na engel olmak i\u00e7in kurulmu\u015f bir sistem AFAD yetkililerimiz taraf\u0131ndan. Sadece ikaz ama\u00e7l\u0131 bulunuyor \u015fu anda&#8221; dedi.<br \/>\n<br \/>Cihaz\u0131n ne kadar s\u00fcre Didim\u2019de bulunaca\u011f\u0131n\u0131 bilmediklerini belirten K\u0131rba\u015f, bu s\u00fcrenin devlet yetkililerince bilinebilece\u011fini belirterek, aktif hareket devam etti\u011fi s\u00fcrece cihaz\u0131n il\u00e7ede bulunaca\u011f\u0131n\u0131 s\u00f6zlerine ekledi.<br \/>\n<br \/>AFAR Didim \u015fubesi \u00fcyesi \u0130lknur Macit ise, &#8220;Didim b\u00f6lgesinde g\u00f6n\u00fcll\u00fc olarak insanlara yard\u0131mc\u0131 olmaya \u00e7al\u0131\u015f\u0131yoruz. Bilgilendirmelerle insanlar\u0131n yan\u0131nda olmaya \u00e7al\u0131\u015f\u0131yoruz. \u0130nsanlarda bir tedirginlik var ama bunlar AFAD\u2019\u0131n y\u00f6nlendirmesiyle Didim\u2019de olabilecek herhangi bir riske kar\u015f\u0131 insanlar\u0131 g\u00fcvence alt\u0131na almak. Bir tsunami ya da deprem s\u00f6z konusu. Bu olacak diye bir \u015fey yok ama binde bir de olsa olacak olaylara kar\u015f\u0131 tedbir ama\u00e7l\u0131 AFAD\u2019\u0131n bizi y\u00f6nlendirmesi var. Bu cihaz sayesinde AFAD \u015fu an \u00e7al\u0131\u015fmalara ba\u015flad\u0131 ve bir \u015feyler yap\u0131yor ve biz onlar\u0131n yan\u0131nday\u0131z&#8221; a\u00e7\u0131klamas\u0131nda bulundu.<br \/>\n<br \/>\u0130l\u00e7ede ya\u015fayan ismini vermek istemeyen bir vatanda\u015f ise, &#8220;B\u00f6yle bir cihaz\u0131 Didim\u2019de ilk kez g\u00f6r\u00fcyoruz. Duydu\u011fumuz kadar\u0131yla Ege b\u00f6lgesindeki bir\u00e7ok yere kurulacak. Buradaki arkada\u015flar bizlere her konuda bilgi veriyor. Neler yapmam\u0131z gerekti\u011fini de ifade ediyorlar. Merak eden ya da korkan varsa buraya gelip buradaki arkada\u015flarla konu\u015farak neler yapmas\u0131 gerekti\u011fini \u00f6\u011frenebilir. Bizim yapmam\u0131z gereken \u015fey tedbir almak&#8221; ifadelerini kulland\u0131.<br \/><\/p>\n","protected":false},"excerpt":{"rendered":"<p>Santorini Adas\u0131 ba\u015fta olmak \u00fczere Ege Denizi\u2019ndeki depremler sonras\u0131nda AFAD \u0130l M\u00fcd\u00fcrl\u00fc\u011f\u00fc ekipleri, Ayd\u0131n\u2019\u0131n Didim il\u00e7esindeki Alt\u0131nkum Sahili\u2019ne acil durumda duyuru yap\u0131lacak anons sistemi kurdu. Santorini Adas\u0131 ba\u015fta olmak \u00fczere Ege Denizi\u2019ndeki depremler \u00fclkemizde de hissedilirken bu kapsamda \u0130zmir, Ayd\u0131n ve Mu\u011fla\u2019ya mobil siren sistemi kurulmaya ba\u015fland\u0131. Bu kapsamda Ayd\u0131n\u2019\u0131n k\u0131y\u0131 il\u00e7esi Didim Alt\u0131nkum\u2019da AFAD&#8230;<\/p>\n","protected":false},"author":1,"featured_media":17686,"comment_status":"open","ping_status":"open","sticky":false,"template":"","format":"standard","meta":{"_crdt_document":"","footnotes":""},"categories":[1],"tags":[],"class_list":["post-17685","post","type-post","status-publish","format-standard","has-post-thumbnail","hentry","category-guncel"],"_links":{"self":[{"href":"https:\/\/www.egemtv.com\/index.php?rest_route=\/wp\/v2\/posts\/17685","targetHints":{"allow":["GET"]}}],"collection":[{"href":"https:\/\/www.egemtv.com\/index.php?rest_route=\/wp\/v2\/posts"}],"about":[{"href":"https:\/\/www.egemtv.com\/index.php?rest_route=\/wp\/v2\/types\/post"}],"author":[{"embeddable":true,"href":"https:\/\/www.egemtv.com\/index.php?rest_route=\/wp\/v2\/users\/1"}],"replies":[{"embeddable":true,"href":"https:\/\/www.egemtv.com\/index.php?rest_route=%2Fwp%2Fv2%2Fcomments&post=17685"}],"version-history":[{"count":1,"href":"https:\/\/www.egemtv.com\/index.php?rest_route=\/wp\/v2\/posts\/17685\/revisions"}],"predecessor-version":[{"id":17687,"href":"https:\/\/www.egemtv.com\/index.php?rest_route=\/wp\/v2\/posts\/17685\/revisions\/17687"}],"wp:featuredmedia":[{"embeddable":true,"href":"https:\/\/www.egemtv.com\/index.php?rest_route=\/wp\/v2\/media\/17686"}],"wp:attachment":[{"href":"https:\/\/www.egemtv.com\/index.php?rest_route=%2Fwp%2Fv2%2Fmedia&parent=17685"}],"wp:term":[{"taxonomy":"category","embeddable":true,"href":"https:\/\/www.egemtv.com\/index.php?rest_route=%2Fwp%2Fv2%2Fcategories&post=17685"},{"taxonomy":"post_tag","embeddable":true,"href":"https:\/\/www.egemtv.com\/index.php?rest_route=%2Fwp%2Fv2%2Ftags&post=17685"}],"curies":[{"name":"wp","href":"https:\/\/api.w.org\/{rel}","templated":true}]}}