{"id":17682,"date":"2025-02-10T16:07:04","date_gmt":"2025-02-10T13:07:04","guid":{"rendered":"https:\/\/www.egemtv.com\/?p=17682"},"modified":"2025-02-10T16:07:09","modified_gmt":"2025-02-10T13:07:09","slug":"karacasuda-okul-servis-araclari-icin-guvenlik-toplantisi-duzenlendi","status":"publish","type":"post","link":"https:\/\/www.egemtv.com\/?p=17682","title":{"rendered":"Karacasu\u2019da okul servis ara\u00e7lar\u0131 i\u00e7in g\u00fcvenlik toplant\u0131s\u0131 d\u00fczenlendi"},"content":{"rendered":"<p>Ayd\u0131n\u2019\u0131n Karacasu il\u00e7esinde 2024-2025 E\u011fitim ve \u00d6\u011fretim Y\u0131l\u0131 asayi\u015f ve trafik tedbirleri kapsam\u0131nda, Halk E\u011fitimi Merkezi Konferans Salonu\u2019nda bilgilendirme toplant\u0131s\u0131 ger\u00e7ekle\u015ftirildi.<\/p>\n<p>Okul servis arac\u0131 s\u00fcr\u00fcc\u00fcleri ve rehber personeline y\u00f6nelik olarak d\u00fczenlenen toplant\u0131ya kat\u0131lan yetkililer, g\u00fcvenli ve d\u00fczenli okul ta\u015f\u0131ma hizmetleri i\u00e7in gerekli \u00f6nlemleri ve trafik kurallar\u0131n\u0131 anlatt\u0131. Okul servis ara\u00e7lar\u0131n\u0131n g\u00fcvenli\u011fi, \u00f6\u011frenci ta\u015f\u0131mac\u0131l\u0131\u011f\u0131 s\u0131ras\u0131nda dikkat edilmesi gereken noktalar ve trafikle ilgili yap\u0131lmas\u0131 gereken d\u00fczenlemeler ele al\u0131nd\u0131.<\/p>\n<p>Karacasu \u0130l\u00e7e Emniyet M\u00fcd\u00fcrl\u00fc\u011f\u00fc ve \u0130l\u00e7e Jandarma Komutanl\u0131\u011f\u0131 yetkililerin de kat\u0131ld\u0131\u011f\u0131 toplant\u0131da, okul servislerinin trafik g\u00fcvenli\u011fine katk\u0131 sa\u011flamak amac\u0131yla al\u0131nmas\u0131 gereken tedbirler hakk\u0131nda kapsaml\u0131 bilgiler verildi. S\u00fcr\u00fcc\u00fclere, h\u0131z limitleri, ara\u00e7 bak\u0131mlar\u0131, \u00f6\u011frenci indirme-bindirme noktalar\u0131 gibi \u00f6nemli konular aktar\u0131ld\u0131. Ayr\u0131ca, rehber personelinin \u00f6\u011frencilere nas\u0131l daha iyi yard\u0131mc\u0131 olabilece\u011fi ve acil durumlarla nas\u0131l ba\u015fa \u00e7\u0131k\u0131laca\u011f\u0131 konusunda e\u011fitimler verildi.<br \/><\/p>\n","protected":false},"excerpt":{"rendered":"<p>Ayd\u0131n\u2019\u0131n Karacasu il\u00e7esinde 2024-2025 E\u011fitim ve \u00d6\u011fretim Y\u0131l\u0131 asayi\u015f ve trafik tedbirleri kapsam\u0131nda, Halk E\u011fitimi Merkezi Konferans Salonu\u2019nda bilgilendirme toplant\u0131s\u0131 ger\u00e7ekle\u015ftirildi. Okul servis arac\u0131 s\u00fcr\u00fcc\u00fcleri ve rehber personeline y\u00f6nelik olarak d\u00fczenlenen toplant\u0131ya kat\u0131lan yetkililer, g\u00fcvenli ve d\u00fczenli okul ta\u015f\u0131ma hizmetleri i\u00e7in gerekli \u00f6nlemleri ve trafik kurallar\u0131n\u0131 anlatt\u0131. Okul servis ara\u00e7lar\u0131n\u0131n g\u00fcvenli\u011fi, \u00f6\u011frenci ta\u015f\u0131mac\u0131l\u0131\u011f\u0131 s\u0131ras\u0131nda dikkat&#8230;<\/p>\n","protected":false},"author":1,"featured_media":17683,"comment_status":"open","ping_status":"open","sticky":false,"template":"","format":"standard","meta":{"_crdt_document":"","footnotes":""},"categories":[1],"tags":[],"class_list":["post-17682","post","type-post","status-publish","format-standard","has-post-thumbnail","hentry","category-guncel"],"_links":{"self":[{"href":"https:\/\/www.egemtv.com\/index.php?rest_route=\/wp\/v2\/posts\/17682","targetHints":{"allow":["GET"]}}],"collection":[{"href":"https:\/\/www.egemtv.com\/index.php?rest_route=\/wp\/v2\/posts"}],"about":[{"href":"https:\/\/www.egemtv.com\/index.php?rest_route=\/wp\/v2\/types\/post"}],"author":[{"embeddable":true,"href":"https:\/\/www.egemtv.com\/index.php?rest_route=\/wp\/v2\/users\/1"}],"replies":[{"embeddable":true,"href":"https:\/\/www.egemtv.com\/index.php?rest_route=%2Fwp%2Fv2%2Fcomments&post=17682"}],"version-history":[{"count":1,"href":"https:\/\/www.egemtv.com\/index.php?rest_route=\/wp\/v2\/posts\/17682\/revisions"}],"predecessor-version":[{"id":17684,"href":"https:\/\/www.egemtv.com\/index.php?rest_route=\/wp\/v2\/posts\/17682\/revisions\/17684"}],"wp:featuredmedia":[{"embeddable":true,"href":"https:\/\/www.egemtv.com\/index.php?rest_route=\/wp\/v2\/media\/17683"}],"wp:attachment":[{"href":"https:\/\/www.egemtv.com\/index.php?rest_route=%2Fwp%2Fv2%2Fmedia&parent=17682"}],"wp:term":[{"taxonomy":"category","embeddable":true,"href":"https:\/\/www.egemtv.com\/index.php?rest_route=%2Fwp%2Fv2%2Fcategories&post=17682"},{"taxonomy":"post_tag","embeddable":true,"href":"https:\/\/www.egemtv.com\/index.php?rest_route=%2Fwp%2Fv2%2Ftags&post=17682"}],"curies":[{"name":"wp","href":"https:\/\/api.w.org\/{rel}","templated":true}]}}