{"id":17679,"date":"2025-02-10T15:32:06","date_gmt":"2025-02-10T12:32:06","guid":{"rendered":"https:\/\/www.egemtv.com\/?p=17679"},"modified":"2025-02-10T15:32:09","modified_gmt":"2025-02-10T12:32:09","slug":"yabanci-6-kadina-zorla-fuhus-yaptiran-2-supheli-tutuklandi","status":"publish","type":"post","link":"https:\/\/www.egemtv.com\/?p=17679","title":{"rendered":"Yabanc\u0131 6 kad\u0131na zorla fuhu\u015f yapt\u0131ran 2 \u015f\u00fcpheli tutukland\u0131"},"content":{"rendered":"<p>Denizli\u2019de polis ekiplerinin fuhu\u015f yap\u0131ld\u0131\u011f\u0131 iddia edilen apartlara d\u00fczenledi\u011fi operasyonlarda yabanc\u0131 uyruklu 6 kad\u0131n kurtar\u0131larak s\u0131n\u0131r d\u0131\u015f\u0131 edildi. Yer temin ederek, yabanc\u0131 kad\u0131nlara zorla fuhu\u015f yapt\u0131rd\u0131klar\u0131 belirlenen 5 \u015f\u00fcpheliden 2\u2019si tutukland\u0131.<\/p>\n<p>Denizli Emniyet M\u00fcd\u00fcrl\u00fc\u011f\u00fc Asayi\u015f \u015eube M\u00fcd\u00fcrl\u00fc\u011f\u00fc Ahlak B\u00fcro Amirli\u011fi ekiplerinde, fuh\u015fa te\u015fvik, arac\u0131l\u0131k veya yer temini ve fuhu\u015f ama\u00e7l\u0131 insan ticareti su\u00e7lar\u0131n\u0131n \u00f6nlenmesine y\u00f6nelik yap\u0131lan \u00e7al\u0131\u015fmalarda daha \u00f6nceden belirlenen apartlara e\u015f zamanl\u0131 operasyonlar d\u00fczenlendi. D\u00fczenlenen operasyonlarda zorla yapt\u0131r\u0131ld\u0131klar\u0131 belirlenen yabanc\u0131 uyruklu 6 kad\u0131n kurtar\u0131ld\u0131. Yabanc\u0131 uyruklu kad\u0131nlar\u0131n, \u00fclkelerinden T\u00fcrkiye\u2019ye i\u015f bulma ve para kazanma vaadiyle kand\u0131rarak getirdikleri ve  fuhu\u015fa zorland\u0131klar\u0131  ileri s\u00fcr\u00fcld\u00fc. Fuhu\u015ftan kurtar\u0131lan yabanc\u0131 uyruklu kad\u0131nlar, adli i\u015flemlerinin ard\u0131ndan s\u0131n\u0131r d\u0131\u015f\u0131 edildi.<\/p>\n<p>D\u00fczenlenen e\u015fzamanl\u0131 operasyonlarda fuh\u015fa te\u015fvik, arac\u0131l\u0131k veya yer temini ve fuhu\u015f ama\u00e7l\u0131 insan ticareti su\u00e7lar\u0131ndan yakalanan 5 \u015f\u00fcpheli, emniyetteki i\u015flemlerinin ard\u0131ndan adli makamlara sevk edildi. \u015e\u00fcphelilerden 2\u2019si \u015fah\u0131s tutuklanarak cezaevine g\u00f6nderilirken, di\u011fer 3 \u015f\u00fcpheli ise kontrol \u015fart\u0131yla serbest b\u0131rak\u0131ld\u0131.<br \/><\/p>\n","protected":false},"excerpt":{"rendered":"<p>Denizli\u2019de polis ekiplerinin fuhu\u015f yap\u0131ld\u0131\u011f\u0131 iddia edilen apartlara d\u00fczenledi\u011fi operasyonlarda yabanc\u0131 uyruklu 6 kad\u0131n kurtar\u0131larak s\u0131n\u0131r d\u0131\u015f\u0131 edildi. Yer temin ederek, yabanc\u0131 kad\u0131nlara zorla fuhu\u015f yapt\u0131rd\u0131klar\u0131 belirlenen 5 \u015f\u00fcpheliden 2\u2019si tutukland\u0131. Denizli Emniyet M\u00fcd\u00fcrl\u00fc\u011f\u00fc Asayi\u015f \u015eube M\u00fcd\u00fcrl\u00fc\u011f\u00fc Ahlak B\u00fcro Amirli\u011fi ekiplerinde, fuh\u015fa te\u015fvik, arac\u0131l\u0131k veya yer temini ve fuhu\u015f ama\u00e7l\u0131 insan ticareti su\u00e7lar\u0131n\u0131n \u00f6nlenmesine y\u00f6nelik&#8230;<\/p>\n","protected":false},"author":1,"featured_media":17680,"comment_status":"open","ping_status":"open","sticky":false,"template":"","format":"standard","meta":{"_crdt_document":"","footnotes":""},"categories":[5],"tags":[],"class_list":["post-17679","post","type-post","status-publish","format-standard","has-post-thumbnail","hentry","category-asayis"],"_links":{"self":[{"href":"https:\/\/www.egemtv.com\/index.php?rest_route=\/wp\/v2\/posts\/17679","targetHints":{"allow":["GET"]}}],"collection":[{"href":"https:\/\/www.egemtv.com\/index.php?rest_route=\/wp\/v2\/posts"}],"about":[{"href":"https:\/\/www.egemtv.com\/index.php?rest_route=\/wp\/v2\/types\/post"}],"author":[{"embeddable":true,"href":"https:\/\/www.egemtv.com\/index.php?rest_route=\/wp\/v2\/users\/1"}],"replies":[{"embeddable":true,"href":"https:\/\/www.egemtv.com\/index.php?rest_route=%2Fwp%2Fv2%2Fcomments&post=17679"}],"version-history":[{"count":1,"href":"https:\/\/www.egemtv.com\/index.php?rest_route=\/wp\/v2\/posts\/17679\/revisions"}],"predecessor-version":[{"id":17681,"href":"https:\/\/www.egemtv.com\/index.php?rest_route=\/wp\/v2\/posts\/17679\/revisions\/17681"}],"wp:featuredmedia":[{"embeddable":true,"href":"https:\/\/www.egemtv.com\/index.php?rest_route=\/wp\/v2\/media\/17680"}],"wp:attachment":[{"href":"https:\/\/www.egemtv.com\/index.php?rest_route=%2Fwp%2Fv2%2Fmedia&parent=17679"}],"wp:term":[{"taxonomy":"category","embeddable":true,"href":"https:\/\/www.egemtv.com\/index.php?rest_route=%2Fwp%2Fv2%2Fcategories&post=17679"},{"taxonomy":"post_tag","embeddable":true,"href":"https:\/\/www.egemtv.com\/index.php?rest_route=%2Fwp%2Fv2%2Ftags&post=17679"}],"curies":[{"name":"wp","href":"https:\/\/api.w.org\/{rel}","templated":true}]}}