{"id":17676,"date":"2025-02-10T15:17:45","date_gmt":"2025-02-10T12:17:45","guid":{"rendered":"https:\/\/www.egemtv.com\/?p=17676"},"modified":"2025-02-10T15:17:54","modified_gmt":"2025-02-10T12:17:54","slug":"dolandiricilik-sucundan-aranan-sahis-yakalandi","status":"publish","type":"post","link":"https:\/\/www.egemtv.com\/?p=17676","title":{"rendered":"Doland\u0131r\u0131c\u0131l\u0131k su\u00e7undan aranan \u015fah\u0131s yakaland\u0131"},"content":{"rendered":"<p>Afyonkarahisar \u0130l Emniyet M\u00fcd\u00fcrl\u00fc\u011f\u00fc ekipleri nitelikli doland\u0131r\u0131c\u0131l\u0131k su\u00e7undan 2 y\u0131l 9 ay 10 hapis cezas\u0131 ile aranan \u015fahs\u0131 yakalayarak cezaevine g\u00f6nderdi.<br \/>\n<br \/>Afyonkarahisar \u0130l Emniyet M\u00fcd\u00fcrl\u00fc\u011f\u00fc g\u00f6revlileri aranan \u015fah\u0131slar\u0131n yakalanmas\u0131na y\u00f6nelik \u00e7al\u0131\u015fmalar\u0131na devam ediyor.  Bu \u00e7er\u00e7evede ekipler, &#8220;Bili\u015fim Sistemlerinin Kullan\u0131lmas\u0131 Suretiyle Nitelikli Doland\u0131r\u0131c\u0131l\u0131k&#8221; su\u00e7undan 2 y\u0131l 9 ay 10 g\u00fcn hapis cezas\u0131 ile aranan G.D. isimli \u015fahs\u0131 yakalayarak g\u00f6zalt\u0131na ald\u0131. \u015eah\u0131s i\u015flemleri sonras\u0131 sevk edildi\u011fi mahkemece tutuklanarak cezaevine g\u00f6nderdi.<br \/><\/p>\n","protected":false},"excerpt":{"rendered":"<p>Afyonkarahisar \u0130l Emniyet M\u00fcd\u00fcrl\u00fc\u011f\u00fc ekipleri nitelikli doland\u0131r\u0131c\u0131l\u0131k su\u00e7undan 2 y\u0131l 9 ay 10 hapis cezas\u0131 ile aranan \u015fahs\u0131 yakalayarak cezaevine g\u00f6nderdi. Afyonkarahisar \u0130l Emniyet M\u00fcd\u00fcrl\u00fc\u011f\u00fc g\u00f6revlileri aranan \u015fah\u0131slar\u0131n yakalanmas\u0131na y\u00f6nelik \u00e7al\u0131\u015fmalar\u0131na devam ediyor. Bu \u00e7er\u00e7evede ekipler, &#8220;Bili\u015fim Sistemlerinin Kullan\u0131lmas\u0131 Suretiyle Nitelikli Doland\u0131r\u0131c\u0131l\u0131k&#8221; su\u00e7undan 2 y\u0131l 9 ay 10 g\u00fcn hapis cezas\u0131 ile aranan G.D. isimli&#8230;<\/p>\n","protected":false},"author":1,"featured_media":17677,"comment_status":"open","ping_status":"open","sticky":false,"template":"","format":"standard","meta":{"_crdt_document":"","footnotes":""},"categories":[5],"tags":[],"class_list":["post-17676","post","type-post","status-publish","format-standard","has-post-thumbnail","hentry","category-asayis"],"_links":{"self":[{"href":"https:\/\/www.egemtv.com\/index.php?rest_route=\/wp\/v2\/posts\/17676","targetHints":{"allow":["GET"]}}],"collection":[{"href":"https:\/\/www.egemtv.com\/index.php?rest_route=\/wp\/v2\/posts"}],"about":[{"href":"https:\/\/www.egemtv.com\/index.php?rest_route=\/wp\/v2\/types\/post"}],"author":[{"embeddable":true,"href":"https:\/\/www.egemtv.com\/index.php?rest_route=\/wp\/v2\/users\/1"}],"replies":[{"embeddable":true,"href":"https:\/\/www.egemtv.com\/index.php?rest_route=%2Fwp%2Fv2%2Fcomments&post=17676"}],"version-history":[{"count":1,"href":"https:\/\/www.egemtv.com\/index.php?rest_route=\/wp\/v2\/posts\/17676\/revisions"}],"predecessor-version":[{"id":17678,"href":"https:\/\/www.egemtv.com\/index.php?rest_route=\/wp\/v2\/posts\/17676\/revisions\/17678"}],"wp:featuredmedia":[{"embeddable":true,"href":"https:\/\/www.egemtv.com\/index.php?rest_route=\/wp\/v2\/media\/17677"}],"wp:attachment":[{"href":"https:\/\/www.egemtv.com\/index.php?rest_route=%2Fwp%2Fv2%2Fmedia&parent=17676"}],"wp:term":[{"taxonomy":"category","embeddable":true,"href":"https:\/\/www.egemtv.com\/index.php?rest_route=%2Fwp%2Fv2%2Fcategories&post=17676"},{"taxonomy":"post_tag","embeddable":true,"href":"https:\/\/www.egemtv.com\/index.php?rest_route=%2Fwp%2Fv2%2Ftags&post=17676"}],"curies":[{"name":"wp","href":"https:\/\/api.w.org\/{rel}","templated":true}]}}